{"id":11419,"date":"2018-09-24T15:29:00","date_gmt":"2018-09-24T13:29:00","guid":{"rendered":"https:\/\/oes.fundacion-sm.org\/?p=11419"},"modified":"2023-09-20T10:48:00","modified_gmt":"2023-09-20T08:48:00","slug":"projetos-presenciais-para-melhorar-a-escola-podem-ser-plantados-na-internet","status":"publish","type":"post","link":"https:\/\/oes.fundacion-sm.org\/pt-br\/eduforics\/reimaginar-juntos-os-futuros\/lideranca-educativa-e-profissao-docente\/projetos-presenciais-para-melhorar-a-escola-podem-ser-plantados-na-internet\/","title":{"rendered":"Projetos presenciais para melhorar a escola podem ser plantados na internet"},"content":{"rendered":"\t\t<div data-elementor-type=\"wp-post\" data-elementor-id=\"11419\" class=\"elementor elementor-11419\" data-elementor-post-type=\"post\">\n\t\t\t\t\t\t<section class=\"elementor-section elementor-top-section elementor-element elementor-element-640053af elementor-section-full_width elementor-section-height-default elementor-section-height-default\" data-id=\"640053af\" data-element_type=\"section\">\n\t\t\t\t\t\t<div class=\"elementor-container elementor-column-gap-default\">\n\t\t\t\t\t<div class=\"elementor-column elementor-col-100 elementor-top-column elementor-element elementor-element-2e9ae049\" data-id=\"2e9ae049\" data-element_type=\"column\">\n\t\t\t<div class=\"elementor-widget-wrap elementor-element-populated\">\n\t\t\t\t\t\t<div class=\"elementor-element elementor-element-967cd48 elementor-widget elementor-widget-bloque-texto\" data-id=\"967cd48\" data-element_type=\"widget\" data-widget_type=\"bloque-texto.default\">\n\t\t\t\t<div class=\"elementor-widget-container\">\n\t\t\t\t\t<!-- Texto -->\n<section class=\"bloque bloque-texto  \">\n    <div class=\"container\">\n        <div class=\"estrecho2\">\n                        <div class=\"subtitulos\" data-aos=\"fade-left\" data-aos-duration=\"700\"><p><em>Por Cinthia Rodrigues, cocriadora e coordenadora do Quero na Escola.<\/em><\/p><\/div>\n            \n            <div class=\"row\">\n                <div class=\"col-sm-12\">\n                    <div class=\"the_content\" data-aos=\"fade-up\" data-aos-duration=\"700\">\n                        <p><strong>Que a escola n\u00e3o pode dar conta de tudo parece ser uma m\u00e1xima com que concordam as diferentes ideologias. \u00c9 tanto a aprender que as pessoas, sem refletir, tentam dividir as responsabilidades da escola e da fam\u00edlia, mais ou menos colocando conte\u00fados de um lado e valores de outro.<\/strong> Uma divis\u00e3o sem sentido. Felizmente, h\u00e1 escolas que ensinam a cuidar da terra ou a conversar para resolver os problemas e tamb\u00e9m fam\u00edlias que visitam museus de ci\u00eancias e leem com as crian\u00e7as todos os dias. E, infelizmente, h\u00e1 crian\u00e7as que n\u00e3o t\u00eam fam\u00edlia ou cujos familiares n\u00e3o podem contribuir. Em vez de separar, \u00e9 preciso juntar mais respons\u00e1veis pela educa\u00e7\u00e3o.<\/p>\n<p>Em teoria, essa necessidade parece estar compreendida. At\u00e9 mesmo a <a href=\"http:\/\/www.planalto.gov.br\/ccivil_03\/constituicao\/constituicao.htm\" target=\"_blank\" rel=\"noopener\">Constitui\u00e7\u00e3o Federal<\/a> afirma: \u201cA educa\u00e7\u00e3o, direito de todos e dever do Estado e da fam\u00edlia, ser\u00e1 promovida e incentivada com a colabora\u00e7\u00e3o da sociedade, visando ao pleno desenvolvimento da pessoa, seu preparo para o exerc\u00edcio da cidadania e sua qualifica\u00e7\u00e3o para o trabalho\u201d. Na pr\u00e1tica, no entanto, h\u00e1 poucos exemplos claros e muitas barreiras entre a escola e seu entorno.<\/p>\n<p>Acompanho o tema desde crian\u00e7a. Primeiro, como filha de professora, frequentava n\u00e3o apenas a sala de aula, mas tamb\u00e9m a sala dos professores e, quando me formei jornalista, educa\u00e7\u00e3o sempre foi minha \u00e1rea de cobertura. Mas s\u00f3 percebi que a legisla\u00e7\u00e3o n\u00e3o bastaria em 2013, quando, m\u00e3e recente, matriculei meus filhos em um centro de educa\u00e7\u00e3o infantil achando que poderia ajudar bastante como membro do Conselho de Escola. Em um ano de dedica\u00e7\u00e3o, avancei t\u00e3o pouco que aprendi muito: faltavam convites menos burocr\u00e1ticos e mais diretos para atrair a participa\u00e7\u00e3o da comunidade.<\/p>\n<p>Sigo frequentando os Conselhos de Escola, assim como os Conselhos Regionais de Conselhos de Escola, e acho importante. O \u00f3rg\u00e3o composto por n\u00famero igual de familiares e membros da equipe da escola \u00e9 a porta legal para a participa\u00e7\u00e3o. No dia a dia, no entanto, h\u00e1 muitas demandas oficiais a responder com longos tr\u00e2mites para aprova\u00e7\u00e3o e o ano letivo acaba antes da maioria das ideias frutificarem. Na verdade, a maioria das sementes nem chegam a ser plantadas, por isso venho testando uma forma de jog\u00e1-las em um terreno f\u00e9rtil: a internet.<\/p>\n<p>Foi pensando sobre o que pode acrescentar a tecnologia e debru\u00e7adas sobre problemas como evas\u00e3o escolar e desinteresse dos adolescentes pelos estudos que, em 2015, eu, a Luciana Alvarez, a Lu\u00edsa P\u00e9cora e a Tatiana Klix lan\u00e7amos o <a href=\"https:\/\/queronaescola.com.br\/\" target=\"_blank\" rel=\"noopener\"><i>Quero na Escola<\/i><\/a>. A partir da constata\u00e7\u00e3o de que <strong>h\u00e1 muito mais a colaborar do que permitem os tr\u00e2mites tradicionais das escolas p\u00fablicas e de que muitos estudantes e educadores sentiam-se isolados dentro dos muros da escola, chegamos \u00e0 necessidade de uma plataforma que facilitasse a comunica\u00e7\u00e3o.<\/strong><\/p>\n<p>O projeto tem uma fase online, que permite que muitas ideias sejam expostas ao mesmo tempo, e o \u00e1pice no presencial. O site recebe os pedidos dos estudantes por outros aprendizados que gostariam de ter, faz um mapa das escolas com pedidos e recebe cadastros de quem pode ajudar voluntariamente. Com os dados de quem pediu e da pessoa que pode atender, procuramos a escola pelo telefone e, com muito empenho, conseguimos que os port\u00f5es sejam abertos a novas pessoas e experi\u00eancias. Assim, conseguimos atender a pedidos de jovens por palestras de feminismo, direitos humanos, atividades contra racismo, aulas de teatro, fotografia, culin\u00e1ria e mais 70 outros temas.<\/p>\n<p>O uso da tecnologia nos ajudou a promover, em dois anos e meio, mais de 150 a\u00e7\u00f5es em escolas p\u00fablicas que beneficiaram diretamente a 10 mil estudantes, educadores e volunt\u00e1rios em 10 Estados do Pa\u00eds. D\u00e1 at\u00e9 pra refletir sobre o pr\u00f3prio conceito de sociedade.<\/p>\n<p><strong>Tradicionalmente, gestores de escolas acreditam que apenas familiares e vizinhos s\u00e3o potenciais colaboradores. O <i>Quero na Escola<\/i>, com a ajuda das redes sociais, mostra que muitas vezes vem de longe uma indica\u00e7\u00e3o certeira de quem pode contribuir exatamente com o que est\u00e1 sendo solicitado.<\/strong> Al\u00e9m disso, as pessoas se conectam mais por empatia do que por endere\u00e7o e h\u00e1 volunt\u00e1rios que v\u00e3o a outro bairro ou at\u00e9 cidade para atender a demandas de jovens com os quais se identificam muito.<\/p>\n<p>Em 2016, meses ap\u00f3s o lan\u00e7amento do <i>Quero na Escola<\/i>, educadores come\u00e7aram a relatar como eles mesmos gostariam de poder ter a oportunidade que os alunos t\u00eam no site. A chance passou a ser dada no per\u00edodo de julho a outubro de cada ano, no <i>Quero na Escola \u2013 Especial Professor<\/i>, parceria com a <a href=\"http:\/\/fundacaosmbrasil.org\/\" target=\"_blank\" rel=\"noopener\"><b>Funda\u00e7\u00e3o SM<\/b><\/a> que resulta na presen\u00e7a de volunt\u00e1rios para os pr\u00f3prios professores.<\/p>\n<p>Al\u00e9m de ferramenta para conectar as pessoas presencialmente, a tecnologia cumpre outros objetivos antes e depois da realiza\u00e7\u00e3o das atividades. Antes s\u00e3o tr\u00eas: levar ao exerc\u00edcio de refletir sobre o que gostaria de aprender; deixar claro em um mapa do Pa\u00eds todo como h\u00e1 muitos interesses al\u00e9m do curr\u00edculo nas escolas; e ajudar os educadores a perceberem as possibilidades de parceria que existem. Depois das atividades, a tecnologia pode voltar a ser \u00fatil no caso em que volunt\u00e1rios e estudantes se conectam para construir uma rela\u00e7\u00e3o virtual.<\/p>\n<p>Diferentes pesquisas das faculdades de Educa\u00e7\u00e3o da Universidade de S\u00e3o Paulo \u2013 USP e da Universidade Federal de Minas Gerais \u2013 UFMG mostram que <strong>a principal diferen\u00e7a entre os estudantes de escolas p\u00fablicas e particulares n\u00e3o \u00e9 o curr\u00edculo, mas a condi\u00e7\u00e3o socioculturais das fam\u00edlias.<\/strong> Estudantes com acesso a express\u00f5es culturais, viagens e redes de contato t\u00eam melhor inser\u00e7\u00e3o na universidade e mercado de trabalho tanto quando estudaram em escolas p\u00fablicas quanto quando vieram de particulares. Por isso, novos contatos que possam ampliar a vis\u00e3o de mundo s\u00e3o desejados.<\/p>\n<p>A diferen\u00e7a que realmente far\u00e1 esta participa\u00e7\u00e3o ainda leva um tempo para ser conhecida. Em 2014, soci\u00f3logos da Universidade de Duke, nos Estados Unidos, publicaram no <a href=\"https:\/\/archive.nytimes.com\/opinionator.blogs.nytimes.com\/2014\/04\/12\/parental-involvement-is-overrated\/\" target=\"_blank\" rel=\"noopener\"><i>The New York Times<\/i><\/a> um artigo que considero importante levar em conta: <strong>ap\u00f3s 30 anos de pesquisa sobre o tema, conclu\u00edram que filhos que t\u00eam apoio dos pais nas \u201cli\u00e7\u00f5es de casa\u201d, obt\u00eam menos sucesso de aprendizado e ingresso na universidade e mercado de trabalho do que as crian\u00e7as cujas fam\u00edlias n\u00e3o t\u00eam este h\u00e1bito.<\/strong> Ou seja: o discurso conservador do que \u00e9 participa\u00e7\u00e3o das fam\u00edlias na vida escolar precisa ser atualizado.<\/p>\n<p>N\u00e3o acredito que tecnologia alguma substituir\u00e1 a mais complexa tarefa da escola, de ensinar a viver em sociedade. O que as novas ferramentas podem \u00e9 ajudar a escola a ser mais democr\u00e1tica, mais aberta a experi\u00eancias, mais conectada com o entorno, enfim, mais parecida com a sociedade que desejamos.<\/p>\n                    <\/div>\n                <\/div>\n            <\/div>\n        <\/div>\n    <\/div>\n<\/section>\t\t\t\t<\/div>\n\t\t\t\t<\/div>\n\t\t\t\t<div class=\"elementor-element elementor-element-f028021 elementor-widget elementor-widget-bloque-texto\" data-id=\"f028021\" data-element_type=\"widget\" data-widget_type=\"bloque-texto.default\">\n\t\t\t\t<div class=\"elementor-widget-container\">\n\t\t\t\t\t<!-- Texto -->\n<section class=\"bloque bloque-texto  \">\n    <div class=\"container\">\n        <div class=\"estrecho2\">\n            \n            <div class=\"row\">\n                <div class=\"col-sm-12\">\n                    <div class=\"the_content\" data-aos=\"fade-up\" data-aos-duration=\"700\">\n                        <p><em><strong>Cinthia Rodrigues.<\/strong>\u00a0Cocriadora e coordenadora do <a href=\"https:\/\/queronaescola.com.br\/sobre\/\" target=\"_blank\" rel=\"noopener\">Quero na Escola<\/a>, filha de professora, m\u00e3e de alunos da rede municipal de S\u00e3o Paulo, conselheira escolar e jornalista especializada em Educa\u00e7\u00e3o. Trabalhou em jornais, sites e revistas, como\u00a0<a href=\"https:\/\/novaescola.org.br\/\" target=\"_blank\" rel=\"noopener\">Nova Escola\u00a0<\/a>e\u00a0<a href=\"http:\/\/www.cartaeducacao.com.br\/\" target=\"_blank\" rel=\"noopener\">Carta Educa\u00e7\u00e3o<\/a>. Busca levar mais pessoas a participar da educa\u00e7\u00e3o p\u00fablica.<\/em><\/p>\n                    <\/div>\n                <\/div>\n            <\/div>\n        <\/div>\n    <\/div>\n<\/section>\t\t\t\t<\/div>\n\t\t\t\t<\/div>\n\t\t\t\t<div class=\"elementor-element elementor-element-67d12af5 elementor-widget elementor-widget-bloque-blog-2\" data-id=\"67d12af5\" data-element_type=\"widget\" data-widget_type=\"bloque-blog-2.default\">\n\t\t\t\t<div class=\"elementor-widget-container\">\n\t\t\t\t\t\n\n<!-- Bloque Blog -->\n<div class=\"container\">\n    <div class=\"row titulo-con-enlace\">\n        <div class=\"col-12\">\n            <h2 class=\"titulos\" data-aos=\"fade-left\" data-aos-duration=\"700\">Postagens relacionadas<\/h2>                        <a href=\"https:\/\/oes.fundacion-sm.org\/eduforics\/\" data-aos=\"fade-right\" data-aos-duration=\"700\" class=\"enlace btn-arrow\" title=\"Ver mais\"><span>Ver mais<\/span><\/a>\n                    <\/div>\n    <\/div>\n<\/div>\n<section class=\"bloque bloque-blog bloqueqmloefavlx  diseno-eduforics \">\n    <div class=\"container\">\n        <div class=\"background  \">\n            <div class=\"estrecho\">\n                <div class=\"row ultimas\">\n                                                            <div class=\"col-12 col-sm-6 d-flex align-items-stretch\" data-aos=\"fade-up\" data-aos-delay=\"200\" data-aos-duration=\"700\">\n                                    <a class=\"noticia \" href=\"https:\/\/oes.fundacion-sm.org\/pt-br\/eduforics\/educacao-inclusiva-e-de-qualidade\/educacao-desenvolvimento-sustentavel\/o-dia-mundial-da-mae-terra-a-educacao-pode-ajudar-a-humanidade-a-alcancar-a-paz-com-o-planeta\/\">\n    <div class=\"image\">\n        <img fetchpriority=\"high\" decoding=\"async\" width=\"890\" height=\"560\" src=\"https:\/\/oes.fundacion-sm.org\/wp-content\/uploads\/sites\/14\/2026\/04\/Artemis_NASA-890x560.png\" class=\"img-fluid wp-post-image\" alt=\"\" srcset=\"https:\/\/oes.fundacion-sm.org\/wp-content\/uploads\/sites\/14\/2026\/04\/Artemis_NASA-890x560.png 890w, https:\/\/oes.fundacion-sm.org\/wp-content\/uploads\/sites\/14\/2026\/04\/Artemis_NASA-300x189.png 300w, https:\/\/oes.fundacion-sm.org\/wp-content\/uploads\/sites\/14\/2026\/04\/Artemis_NASA-1024x644.png 1024w, https:\/\/oes.fundacion-sm.org\/wp-content\/uploads\/sites\/14\/2026\/04\/Artemis_NASA-768x483.png 768w, https:\/\/oes.fundacion-sm.org\/wp-content\/uploads\/sites\/14\/2026\/04\/Artemis_NASA-1056x664.png 1056w, https:\/\/oes.fundacion-sm.org\/wp-content\/uploads\/sites\/14\/2026\/04\/Artemis_NASA.png 1200w\" sizes=\"(max-width: 890px) 100vw, 890px\" \/>    <\/div>\n    <div class=\"datos\">\n        <div class=\"categoria\">Educa\u00e7\u00e3o para o desenvolvimento sustent\u00e1vel<\/div>\n        <h3 class=\"subtitulos\">O Dia Mundial da M\u00e3e Terra: a educa\u00e7\u00e3o pode ajudar a humanidade a alcan\u00e7ar a paz com o planeta<\/h3>\n                <div class=\"autor\">Por <em>Humberto Herrera Contreras<\/em><\/div>\n            <\/div>\n<\/a>                                    <\/div>\n                                                                    <div class=\"col-12 col-sm-6 d-flex align-items-stretch\" data-aos=\"fade-up\" data-aos-delay=\"500\" data-aos-duration=\"700\">\n                                    <a class=\"noticia \" href=\"https:\/\/oes.fundacion-sm.org\/pt-br\/eduforics\/educacao-inclusiva-e-de-qualidade\/educacao-desenvolvimento-sustentavel\/alfabetizacao-ecologica-possibilidades-para-superar-os-limites-do-planeta\/\">\n    <div class=\"image\">\n        <img decoding=\"async\" width=\"890\" height=\"560\" src=\"https:\/\/oes.fundacion-sm.org\/wp-content\/uploads\/sites\/14\/2026\/04\/Ecologia-1151886550-890x560.png\" class=\"img-fluid wp-post-image\" alt=\"\" srcset=\"https:\/\/oes.fundacion-sm.org\/wp-content\/uploads\/sites\/14\/2026\/04\/Ecologia-1151886550-890x560.png 890w, https:\/\/oes.fundacion-sm.org\/wp-content\/uploads\/sites\/14\/2026\/04\/Ecologia-1151886550-300x189.png 300w, https:\/\/oes.fundacion-sm.org\/wp-content\/uploads\/sites\/14\/2026\/04\/Ecologia-1151886550-1024x644.png 1024w, https:\/\/oes.fundacion-sm.org\/wp-content\/uploads\/sites\/14\/2026\/04\/Ecologia-1151886550-768x483.png 768w, https:\/\/oes.fundacion-sm.org\/wp-content\/uploads\/sites\/14\/2026\/04\/Ecologia-1151886550-1056x664.png 1056w, https:\/\/oes.fundacion-sm.org\/wp-content\/uploads\/sites\/14\/2026\/04\/Ecologia-1151886550.png 1200w\" sizes=\"(max-width: 890px) 100vw, 890px\" \/>    <\/div>\n    <div class=\"datos\">\n        <div class=\"categoria\">Educa\u00e7\u00e3o para o desenvolvimento sustent\u00e1vel<\/div>\n        <h3 class=\"subtitulos\">Alfabetiza\u00e7\u00e3o Ecol\u00f3gica: possibilidades para superar os limites do planeta<\/h3>\n                <div class=\"autor\">Por <em>Cl\u00e1udia Chesini<\/em><\/div>\n            <\/div>\n<\/a>                                    <\/div>\n                                                <\/div>\n            <\/div>\n        <\/div>\n    <\/div>\n<\/section>\n\n\t\t\t\t<\/div>\n\t\t\t\t<\/div>\n\t\t\t\t<div class=\"elementor-element elementor-element-486b935b elementor-widget elementor-widget-bloque-newsletter\" data-id=\"486b935b\" data-element_type=\"widget\" data-widget_type=\"bloque-newsletter.default\">\n\t\t\t\t<div class=\"elementor-widget-container\">\n\t\t\t\t\t<section class=\"bloque bloque-newsletter \" data-aos=\"fade-left\" data-aos-delay=\"0\" data-aos-duration=\"700\">\n    <div class=\"container\">\n        <div class=\"row\">\n            <div class=\"col-12 col-sm-6\">\n                <a href=\"\/pt-br\/newsletter\/\" class=\"banner banner-newsletter\" title=\"Newsletter Eduforics\" >\n                    <span class=\"subtitulos\">Newsletter Eduforics<\/span>\n                    <div class=\"the_content\">\n                        <p>Quer se manter atualizado(a) sobre a educa\u00e7\u00e3o? Participe da nossa comunidade e receba not\u00edcias, pesquisas e pr\u00e1ticas inspiradoras para melhorar sua experi\u00eancia em sala de aula.<\/p>\n                        <span class=\"enlace btn-arrow\">Se inscrever<\/span>\n                    <\/div>\n                <\/a>\n            <\/div>\n            <div class=\"col-12 col-sm-6\">\n                <a href=\"\/pt-br\/publique-conosco\/\" class=\"banner banner-publica\" title=\"Publique conosco\" >\n                    <span class=\"subtitulos\">Publique conosco<\/span>\n                    <div class=\"the_content\">\n                        <p>Compartilhe sua experi\u00eancia como educador em Eduforics. Contribua com seus artigos para gerar conhecimento e reflex\u00e3o sobre os futuros da educa\u00e7\u00e3o. <\/p>\n                        <span class=\"enlace btn-arrow\">Mais informa\u00e7\u00e3o<\/span>\n                    <\/div>    \n                <\/a>\n            <\/div>\n        <\/div>\n    <\/div>\n<\/section>\t\t\t\t<\/div>\n\t\t\t\t<\/div>\n\t\t\t\t\t<\/div>\n\t\t<\/div>\n\t\t\t\t\t<\/div>\n\t\t<\/section>\n\t\t\t\t<\/div>\n\t\t","protected":false},"excerpt":{"rendered":"<p>Por Cinthia Rodrigues, cocriadora e coordenadora do Quero na Escola. Que a escola n\u00e3o pode dar conta de tudo parece ser uma m\u00e1xima com que concordam as diferentes ideologias. \u00c9 tanto a aprender que as pessoas, sem refletir, tentam dividir as responsabilidades da escola e da fam\u00edlia, mais ou menos colocando conte\u00fados de um lado [&hellip;]<\/p>\n","protected":false},"author":2,"featured_media":11422,"comment_status":"closed","ping_status":"closed","sticky":false,"template":"","format":"standard","meta":{"_acf_changed":false,"footnotes":""},"categories":[36,66],"tags":[],"class_list":["post-11419","post","type-post","status-publish","format-standard","has-post-thumbnail","hentry","category-eduforics","category-lideranca-educativa-e-profissao-docente"],"acf":[],"yoast_head":"<!-- This site is optimized with the Yoast SEO plugin v26.7 - https:\/\/yoast.com\/wordpress\/plugins\/seo\/ -->\n<title>Projetos presenciais para melhorar a escola podem ser plantados na internet - Eduforics - Observat\u00f3rio da escola na Ibero-Am\u00e9rica (OES)<\/title>\n<meta name=\"description\" content=\"Para a cocriadora e coordenadora do Quero na Escola, Cinthia Rodrigues, as ferramentas digitais podem contribuir para a constru\u00e7\u00e3o de uma escola mais democr\u00e1tica e conectada com seu entorno.\" \/>\n<meta name=\"robots\" content=\"index, follow, max-snippet:-1, max-image-preview:large, max-video-preview:-1\" \/>\n<link rel=\"canonical\" href=\"https:\/\/oes.fundacion-sm.org\/pt-br\/eduforics\/reimaginar-juntos-os-futuros\/lideranca-educativa-e-profissao-docente\/projetos-presenciais-para-melhorar-a-escola-podem-ser-plantados-na-internet\/\" \/>\n<meta property=\"og:locale\" content=\"pt_BR\" \/>\n<meta property=\"og:type\" content=\"article\" \/>\n<meta property=\"og:title\" content=\"Projetos presenciais para melhorar a escola podem ser plantados na internet - Observat\u00f3rio da escola na Ibero-Am\u00e9rica (OES)\" \/>\n<meta property=\"og:description\" content=\"Para a cocriadora e coordenadora do Quero na Escola, Cinthia Rodrigues, as ferramentas digitais podem contribuir para a constru\u00e7\u00e3o de uma escola mais democr\u00e1tica e conectada com seu entorno.\" \/>\n<meta property=\"og:url\" content=\"https:\/\/oes.fundacion-sm.org\/pt-br\/eduforics\/reimaginar-juntos-os-futuros\/lideranca-educativa-e-profissao-docente\/projetos-presenciais-para-melhorar-a-escola-podem-ser-plantados-na-internet\/\" \/>\n<meta property=\"og:site_name\" content=\"Observat\u00f3rio da escola na Ibero-Am\u00e9rica (OES)\" \/>\n<meta property=\"article:published_time\" content=\"2018-09-24T13:29:00+00:00\" \/>\n<meta property=\"article:modified_time\" content=\"2023-09-20T08:48:00+00:00\" \/>\n<meta property=\"og:image\" content=\"https:\/\/oes.fundacion-sm.org\/wp-content\/uploads\/sites\/14\/2023\/09\/20180924_120626.jpg\" \/>\n\t<meta property=\"og:image:width\" content=\"1056\" \/>\n\t<meta property=\"og:image:height\" content=\"1039\" \/>\n\t<meta property=\"og:image:type\" content=\"image\/jpeg\" \/>\n<meta name=\"author\" content=\"Antonio Rockin&#039;Pixels\" \/>\n<meta name=\"twitter:card\" content=\"summary_large_image\" \/>\n<meta name=\"twitter:label1\" content=\"Escrito por\" \/>\n\t<meta name=\"twitter:data1\" content=\"Antonio Rockin&#039;Pixels\" \/>\n\t<meta name=\"twitter:label2\" content=\"Est. tempo de leitura\" \/>\n\t<meta name=\"twitter:data2\" content=\"8 minutos\" \/>\n<script type=\"application\/ld+json\" class=\"yoast-schema-graph\">{\"@context\":\"https:\/\/schema.org\",\"@graph\":[{\"@type\":\"Article\",\"@id\":\"https:\/\/oes.fundacion-sm.org\/pt-br\/eduforics\/reimaginar-juntos-os-futuros\/lideranca-educativa-e-profissao-docente\/projetos-presenciais-para-melhorar-a-escola-podem-ser-plantados-na-internet\/#article\",\"isPartOf\":{\"@id\":\"https:\/\/oes.fundacion-sm.org\/pt-br\/eduforics\/reimaginar-juntos-os-futuros\/lideranca-educativa-e-profissao-docente\/projetos-presenciais-para-melhorar-a-escola-podem-ser-plantados-na-internet\/\"},\"author\":{\"name\":\"Antonio Rockin'Pixels\",\"@id\":\"https:\/\/oes.fundacion-sm.org\/pt-br\/#\/schema\/person\/853f955beb537b852c3687d514f42948\"},\"headline\":\"Projetos presenciais para melhorar a escola podem ser plantados na internet\",\"datePublished\":\"2018-09-24T13:29:00+00:00\",\"dateModified\":\"2023-09-20T08:48:00+00:00\",\"mainEntityOfPage\":{\"@id\":\"https:\/\/oes.fundacion-sm.org\/pt-br\/eduforics\/reimaginar-juntos-os-futuros\/lideranca-educativa-e-profissao-docente\/projetos-presenciais-para-melhorar-a-escola-podem-ser-plantados-na-internet\/\"},\"wordCount\":1357,\"publisher\":{\"@id\":\"https:\/\/oes.fundacion-sm.org\/pt-br\/#organization\"},\"image\":{\"@id\":\"https:\/\/oes.fundacion-sm.org\/pt-br\/eduforics\/reimaginar-juntos-os-futuros\/lideranca-educativa-e-profissao-docente\/projetos-presenciais-para-melhorar-a-escola-podem-ser-plantados-na-internet\/#primaryimage\"},\"thumbnailUrl\":\"https:\/\/oes.fundacion-sm.org\/wp-content\/uploads\/sites\/14\/2023\/09\/20180924_120626.jpg\",\"articleSection\":[\"EDUforics\",\"Lideran\u00e7a educativa e profiss\u00e3o docente\"],\"inLanguage\":\"pt-BR\"},{\"@type\":\"WebPage\",\"@id\":\"https:\/\/oes.fundacion-sm.org\/pt-br\/eduforics\/reimaginar-juntos-os-futuros\/lideranca-educativa-e-profissao-docente\/projetos-presenciais-para-melhorar-a-escola-podem-ser-plantados-na-internet\/\",\"url\":\"https:\/\/oes.fundacion-sm.org\/pt-br\/eduforics\/reimaginar-juntos-os-futuros\/lideranca-educativa-e-profissao-docente\/projetos-presenciais-para-melhorar-a-escola-podem-ser-plantados-na-internet\/\",\"name\":\"Projetos presenciais para melhorar a escola podem ser plantados na internet - Observat\u00f3rio da escola na Ibero-Am\u00e9rica (OES)\",\"isPartOf\":{\"@id\":\"https:\/\/oes.fundacion-sm.org\/pt-br\/#website\"},\"primaryImageOfPage\":{\"@id\":\"https:\/\/oes.fundacion-sm.org\/pt-br\/eduforics\/reimaginar-juntos-os-futuros\/lideranca-educativa-e-profissao-docente\/projetos-presenciais-para-melhorar-a-escola-podem-ser-plantados-na-internet\/#primaryimage\"},\"image\":{\"@id\":\"https:\/\/oes.fundacion-sm.org\/pt-br\/eduforics\/reimaginar-juntos-os-futuros\/lideranca-educativa-e-profissao-docente\/projetos-presenciais-para-melhorar-a-escola-podem-ser-plantados-na-internet\/#primaryimage\"},\"thumbnailUrl\":\"https:\/\/oes.fundacion-sm.org\/wp-content\/uploads\/sites\/14\/2023\/09\/20180924_120626.jpg\",\"datePublished\":\"2018-09-24T13:29:00+00:00\",\"dateModified\":\"2023-09-20T08:48:00+00:00\",\"description\":\"Para a cocriadora e coordenadora do Quero na Escola, Cinthia Rodrigues, as ferramentas digitais podem contribuir para a constru\u00e7\u00e3o de uma escola mais democr\u00e1tica e conectada com seu entorno.\",\"breadcrumb\":{\"@id\":\"https:\/\/oes.fundacion-sm.org\/pt-br\/eduforics\/reimaginar-juntos-os-futuros\/lideranca-educativa-e-profissao-docente\/projetos-presenciais-para-melhorar-a-escola-podem-ser-plantados-na-internet\/#breadcrumb\"},\"inLanguage\":\"pt-BR\",\"potentialAction\":[{\"@type\":\"ReadAction\",\"target\":[\"https:\/\/oes.fundacion-sm.org\/pt-br\/eduforics\/reimaginar-juntos-os-futuros\/lideranca-educativa-e-profissao-docente\/projetos-presenciais-para-melhorar-a-escola-podem-ser-plantados-na-internet\/\"]}]},{\"@type\":\"ImageObject\",\"inLanguage\":\"pt-BR\",\"@id\":\"https:\/\/oes.fundacion-sm.org\/pt-br\/eduforics\/reimaginar-juntos-os-futuros\/lideranca-educativa-e-profissao-docente\/projetos-presenciais-para-melhorar-a-escola-podem-ser-plantados-na-internet\/#primaryimage\",\"url\":\"https:\/\/oes.fundacion-sm.org\/wp-content\/uploads\/sites\/14\/2023\/09\/20180924_120626.jpg\",\"contentUrl\":\"https:\/\/oes.fundacion-sm.org\/wp-content\/uploads\/sites\/14\/2023\/09\/20180924_120626.jpg\",\"width\":1056,\"height\":1039},{\"@type\":\"BreadcrumbList\",\"@id\":\"https:\/\/oes.fundacion-sm.org\/pt-br\/eduforics\/reimaginar-juntos-os-futuros\/lideranca-educativa-e-profissao-docente\/projetos-presenciais-para-melhorar-a-escola-podem-ser-plantados-na-internet\/#breadcrumb\",\"itemListElement\":[{\"@type\":\"ListItem\",\"position\":1,\"name\":\"Inicio\",\"item\":\"https:\/\/oes.fundacion-sm.org\/pt-br\/\"},{\"@type\":\"ListItem\",\"position\":2,\"name\":\"EDUforics\",\"item\":\"https:\/\/oes.fundacion-sm.org\/pt-br\/eduforics\/\"},{\"@type\":\"ListItem\",\"position\":3,\"name\":\"Reimaginar juntos os futuros\",\"item\":\"https:\/\/oes.fundacion-sm.org\/pt-br\/eduforics\/reimaginar-juntos-os-futuros\/\"},{\"@type\":\"ListItem\",\"position\":4,\"name\":\"Lideran\u00e7a educativa e profiss\u00e3o docente\",\"item\":\"https:\/\/oes.fundacion-sm.org\/pt-br\/eduforics\/reimaginar-juntos-os-futuros\/lideranca-educativa-e-profissao-docente\/\"},{\"@type\":\"ListItem\",\"position\":5,\"name\":\"Projetos presenciais para melhorar a escola podem ser plantados na internet\"}]},{\"@type\":\"WebSite\",\"@id\":\"https:\/\/oes.fundacion-sm.org\/pt-br\/#website\",\"url\":\"https:\/\/oes.fundacion-sm.org\/pt-br\/\",\"name\":\"Observat\u00f3rio da escola na Ibero-Am\u00e9rica (OES)\",\"description\":\"Funda\u00e7\u00e3o SM\",\"publisher\":{\"@id\":\"https:\/\/oes.fundacion-sm.org\/pt-br\/#organization\"},\"alternateName\":\"OES\",\"potentialAction\":[{\"@type\":\"SearchAction\",\"target\":{\"@type\":\"EntryPoint\",\"urlTemplate\":\"https:\/\/oes.fundacion-sm.org\/pt-br\/?s={search_term_string}\"},\"query-input\":{\"@type\":\"PropertyValueSpecification\",\"valueRequired\":true,\"valueName\":\"search_term_string\"}}],\"inLanguage\":\"pt-BR\"},{\"@type\":\"Organization\",\"@id\":\"https:\/\/oes.fundacion-sm.org\/pt-br\/#organization\",\"name\":\"Fundaci\u00f3n SM\",\"url\":\"https:\/\/oes.fundacion-sm.org\/pt-br\/\",\"logo\":{\"@type\":\"ImageObject\",\"inLanguage\":\"pt-BR\",\"@id\":\"https:\/\/oes.fundacion-sm.org\/pt-br\/#\/schema\/logo\/image\/\",\"url\":\"https:\/\/oes.fundacion-sm.org\/wp-content\/uploads\/sites\/14\/2023\/10\/logotipo-fundacion-sm.png\",\"contentUrl\":\"https:\/\/oes.fundacion-sm.org\/wp-content\/uploads\/sites\/14\/2023\/10\/logotipo-fundacion-sm.png\",\"width\":447,\"height\":85,\"caption\":\"Fundaci\u00f3n SM\"},\"image\":{\"@id\":\"https:\/\/oes.fundacion-sm.org\/pt-br\/#\/schema\/logo\/image\/\"}},{\"@type\":\"Person\",\"@id\":\"https:\/\/oes.fundacion-sm.org\/pt-br\/#\/schema\/person\/853f955beb537b852c3687d514f42948\",\"name\":\"Antonio Rockin'Pixels\"}]}<\/script>\n<!-- \/ Yoast SEO plugin. -->","yoast_head_json":{"title":"Projetos presenciais para melhorar a escola podem ser plantados na internet - Eduforics - Observat\u00f3rio da escola na Ibero-Am\u00e9rica (OES)","description":"Para a cocriadora e coordenadora do Quero na Escola, Cinthia Rodrigues, as ferramentas digitais podem contribuir para a constru\u00e7\u00e3o de uma escola mais democr\u00e1tica e conectada com seu entorno.","robots":{"index":"index","follow":"follow","max-snippet":"max-snippet:-1","max-image-preview":"max-image-preview:large","max-video-preview":"max-video-preview:-1"},"canonical":"https:\/\/oes.fundacion-sm.org\/pt-br\/eduforics\/reimaginar-juntos-os-futuros\/lideranca-educativa-e-profissao-docente\/projetos-presenciais-para-melhorar-a-escola-podem-ser-plantados-na-internet\/","og_locale":"pt_BR","og_type":"article","og_title":"Projetos presenciais para melhorar a escola podem ser plantados na internet - Observat\u00f3rio da escola na Ibero-Am\u00e9rica (OES)","og_description":"Para a cocriadora e coordenadora do Quero na Escola, Cinthia Rodrigues, as ferramentas digitais podem contribuir para a constru\u00e7\u00e3o de uma escola mais democr\u00e1tica e conectada com seu entorno.","og_url":"https:\/\/oes.fundacion-sm.org\/pt-br\/eduforics\/reimaginar-juntos-os-futuros\/lideranca-educativa-e-profissao-docente\/projetos-presenciais-para-melhorar-a-escola-podem-ser-plantados-na-internet\/","og_site_name":"Observat\u00f3rio da escola na Ibero-Am\u00e9rica (OES)","article_published_time":"2018-09-24T13:29:00+00:00","article_modified_time":"2023-09-20T08:48:00+00:00","og_image":[{"width":1056,"height":1039,"url":"https:\/\/oes.fundacion-sm.org\/wp-content\/uploads\/sites\/14\/2023\/09\/20180924_120626.jpg","type":"image\/jpeg"}],"author":"Antonio Rockin'Pixels","twitter_card":"summary_large_image","twitter_misc":{"Escrito por":"Antonio Rockin'Pixels","Est. tempo de leitura":"8 minutos"},"schema":{"@context":"https:\/\/schema.org","@graph":[{"@type":"Article","@id":"https:\/\/oes.fundacion-sm.org\/pt-br\/eduforics\/reimaginar-juntos-os-futuros\/lideranca-educativa-e-profissao-docente\/projetos-presenciais-para-melhorar-a-escola-podem-ser-plantados-na-internet\/#article","isPartOf":{"@id":"https:\/\/oes.fundacion-sm.org\/pt-br\/eduforics\/reimaginar-juntos-os-futuros\/lideranca-educativa-e-profissao-docente\/projetos-presenciais-para-melhorar-a-escola-podem-ser-plantados-na-internet\/"},"author":{"name":"Antonio Rockin'Pixels","@id":"https:\/\/oes.fundacion-sm.org\/pt-br\/#\/schema\/person\/853f955beb537b852c3687d514f42948"},"headline":"Projetos presenciais para melhorar a escola podem ser plantados na internet","datePublished":"2018-09-24T13:29:00+00:00","dateModified":"2023-09-20T08:48:00+00:00","mainEntityOfPage":{"@id":"https:\/\/oes.fundacion-sm.org\/pt-br\/eduforics\/reimaginar-juntos-os-futuros\/lideranca-educativa-e-profissao-docente\/projetos-presenciais-para-melhorar-a-escola-podem-ser-plantados-na-internet\/"},"wordCount":1357,"publisher":{"@id":"https:\/\/oes.fundacion-sm.org\/pt-br\/#organization"},"image":{"@id":"https:\/\/oes.fundacion-sm.org\/pt-br\/eduforics\/reimaginar-juntos-os-futuros\/lideranca-educativa-e-profissao-docente\/projetos-presenciais-para-melhorar-a-escola-podem-ser-plantados-na-internet\/#primaryimage"},"thumbnailUrl":"https:\/\/oes.fundacion-sm.org\/wp-content\/uploads\/sites\/14\/2023\/09\/20180924_120626.jpg","articleSection":["EDUforics","Lideran\u00e7a educativa e profiss\u00e3o docente"],"inLanguage":"pt-BR"},{"@type":"WebPage","@id":"https:\/\/oes.fundacion-sm.org\/pt-br\/eduforics\/reimaginar-juntos-os-futuros\/lideranca-educativa-e-profissao-docente\/projetos-presenciais-para-melhorar-a-escola-podem-ser-plantados-na-internet\/","url":"https:\/\/oes.fundacion-sm.org\/pt-br\/eduforics\/reimaginar-juntos-os-futuros\/lideranca-educativa-e-profissao-docente\/projetos-presenciais-para-melhorar-a-escola-podem-ser-plantados-na-internet\/","name":"Projetos presenciais para melhorar a escola podem ser plantados na internet - Observat\u00f3rio da escola na Ibero-Am\u00e9rica (OES)","isPartOf":{"@id":"https:\/\/oes.fundacion-sm.org\/pt-br\/#website"},"primaryImageOfPage":{"@id":"https:\/\/oes.fundacion-sm.org\/pt-br\/eduforics\/reimaginar-juntos-os-futuros\/lideranca-educativa-e-profissao-docente\/projetos-presenciais-para-melhorar-a-escola-podem-ser-plantados-na-internet\/#primaryimage"},"image":{"@id":"https:\/\/oes.fundacion-sm.org\/pt-br\/eduforics\/reimaginar-juntos-os-futuros\/lideranca-educativa-e-profissao-docente\/projetos-presenciais-para-melhorar-a-escola-podem-ser-plantados-na-internet\/#primaryimage"},"thumbnailUrl":"https:\/\/oes.fundacion-sm.org\/wp-content\/uploads\/sites\/14\/2023\/09\/20180924_120626.jpg","datePublished":"2018-09-24T13:29:00+00:00","dateModified":"2023-09-20T08:48:00+00:00","description":"Para a cocriadora e coordenadora do Quero na Escola, Cinthia Rodrigues, as ferramentas digitais podem contribuir para a constru\u00e7\u00e3o de uma escola mais democr\u00e1tica e conectada com seu entorno.","breadcrumb":{"@id":"https:\/\/oes.fundacion-sm.org\/pt-br\/eduforics\/reimaginar-juntos-os-futuros\/lideranca-educativa-e-profissao-docente\/projetos-presenciais-para-melhorar-a-escola-podem-ser-plantados-na-internet\/#breadcrumb"},"inLanguage":"pt-BR","potentialAction":[{"@type":"ReadAction","target":["https:\/\/oes.fundacion-sm.org\/pt-br\/eduforics\/reimaginar-juntos-os-futuros\/lideranca-educativa-e-profissao-docente\/projetos-presenciais-para-melhorar-a-escola-podem-ser-plantados-na-internet\/"]}]},{"@type":"ImageObject","inLanguage":"pt-BR","@id":"https:\/\/oes.fundacion-sm.org\/pt-br\/eduforics\/reimaginar-juntos-os-futuros\/lideranca-educativa-e-profissao-docente\/projetos-presenciais-para-melhorar-a-escola-podem-ser-plantados-na-internet\/#primaryimage","url":"https:\/\/oes.fundacion-sm.org\/wp-content\/uploads\/sites\/14\/2023\/09\/20180924_120626.jpg","contentUrl":"https:\/\/oes.fundacion-sm.org\/wp-content\/uploads\/sites\/14\/2023\/09\/20180924_120626.jpg","width":1056,"height":1039},{"@type":"BreadcrumbList","@id":"https:\/\/oes.fundacion-sm.org\/pt-br\/eduforics\/reimaginar-juntos-os-futuros\/lideranca-educativa-e-profissao-docente\/projetos-presenciais-para-melhorar-a-escola-podem-ser-plantados-na-internet\/#breadcrumb","itemListElement":[{"@type":"ListItem","position":1,"name":"Inicio","item":"https:\/\/oes.fundacion-sm.org\/pt-br\/"},{"@type":"ListItem","position":2,"name":"EDUforics","item":"https:\/\/oes.fundacion-sm.org\/pt-br\/eduforics\/"},{"@type":"ListItem","position":3,"name":"Reimaginar juntos os futuros","item":"https:\/\/oes.fundacion-sm.org\/pt-br\/eduforics\/reimaginar-juntos-os-futuros\/"},{"@type":"ListItem","position":4,"name":"Lideran\u00e7a educativa e profiss\u00e3o docente","item":"https:\/\/oes.fundacion-sm.org\/pt-br\/eduforics\/reimaginar-juntos-os-futuros\/lideranca-educativa-e-profissao-docente\/"},{"@type":"ListItem","position":5,"name":"Projetos presenciais para melhorar a escola podem ser plantados na internet"}]},{"@type":"WebSite","@id":"https:\/\/oes.fundacion-sm.org\/pt-br\/#website","url":"https:\/\/oes.fundacion-sm.org\/pt-br\/","name":"Observat\u00f3rio da escola na Ibero-Am\u00e9rica (OES)","description":"Funda\u00e7\u00e3o SM","publisher":{"@id":"https:\/\/oes.fundacion-sm.org\/pt-br\/#organization"},"alternateName":"OES","potentialAction":[{"@type":"SearchAction","target":{"@type":"EntryPoint","urlTemplate":"https:\/\/oes.fundacion-sm.org\/pt-br\/?s={search_term_string}"},"query-input":{"@type":"PropertyValueSpecification","valueRequired":true,"valueName":"search_term_string"}}],"inLanguage":"pt-BR"},{"@type":"Organization","@id":"https:\/\/oes.fundacion-sm.org\/pt-br\/#organization","name":"Fundaci\u00f3n SM","url":"https:\/\/oes.fundacion-sm.org\/pt-br\/","logo":{"@type":"ImageObject","inLanguage":"pt-BR","@id":"https:\/\/oes.fundacion-sm.org\/pt-br\/#\/schema\/logo\/image\/","url":"https:\/\/oes.fundacion-sm.org\/wp-content\/uploads\/sites\/14\/2023\/10\/logotipo-fundacion-sm.png","contentUrl":"https:\/\/oes.fundacion-sm.org\/wp-content\/uploads\/sites\/14\/2023\/10\/logotipo-fundacion-sm.png","width":447,"height":85,"caption":"Fundaci\u00f3n SM"},"image":{"@id":"https:\/\/oes.fundacion-sm.org\/pt-br\/#\/schema\/logo\/image\/"}},{"@type":"Person","@id":"https:\/\/oes.fundacion-sm.org\/pt-br\/#\/schema\/person\/853f955beb537b852c3687d514f42948","name":"Antonio Rockin'Pixels"}]}},"_links":{"self":[{"href":"https:\/\/oes.fundacion-sm.org\/pt-br\/wp-json\/wp\/v2\/posts\/11419","targetHints":{"allow":["GET"]}}],"collection":[{"href":"https:\/\/oes.fundacion-sm.org\/pt-br\/wp-json\/wp\/v2\/posts"}],"about":[{"href":"https:\/\/oes.fundacion-sm.org\/pt-br\/wp-json\/wp\/v2\/types\/post"}],"author":[{"embeddable":true,"href":"https:\/\/oes.fundacion-sm.org\/pt-br\/wp-json\/wp\/v2\/users\/2"}],"replies":[{"embeddable":true,"href":"https:\/\/oes.fundacion-sm.org\/pt-br\/wp-json\/wp\/v2\/comments?post=11419"}],"version-history":[{"count":9,"href":"https:\/\/oes.fundacion-sm.org\/pt-br\/wp-json\/wp\/v2\/posts\/11419\/revisions"}],"predecessor-version":[{"id":11433,"href":"https:\/\/oes.fundacion-sm.org\/pt-br\/wp-json\/wp\/v2\/posts\/11419\/revisions\/11433"}],"wp:featuredmedia":[{"embeddable":true,"href":"https:\/\/oes.fundacion-sm.org\/pt-br\/wp-json\/wp\/v2\/media\/11422"}],"wp:attachment":[{"href":"https:\/\/oes.fundacion-sm.org\/pt-br\/wp-json\/wp\/v2\/media?parent=11419"}],"wp:term":[{"taxonomy":"category","embeddable":true,"href":"https:\/\/oes.fundacion-sm.org\/pt-br\/wp-json\/wp\/v2\/categories?post=11419"},{"taxonomy":"post_tag","embeddable":true,"href":"https:\/\/oes.fundacion-sm.org\/pt-br\/wp-json\/wp\/v2\/tags?post=11419"}],"curies":[{"name":"wp","href":"https:\/\/api.w.org\/{rel}","templated":true}]}}