{"id":14524,"date":"2024-05-07T12:13:59","date_gmt":"2024-05-07T10:13:59","guid":{"rendered":"https:\/\/oes.fundacion-sm.org\/?p=14524"},"modified":"2024-05-14T11:45:08","modified_gmt":"2024-05-14T09:45:08","slug":"oficio-docente-no-brasil-um-chamado-ao-reconhecimento-social-da-profissao","status":"publish","type":"post","link":"https:\/\/oes.fundacion-sm.org\/pt-br\/eduforics\/reimaginar-juntos-os-futuros\/lideranca-educativa-e-profissao-docente\/oficio-docente-no-brasil-um-chamado-ao-reconhecimento-social-da-profissao\/","title":{"rendered":"Of\u00edcio docente no Brasil &#8211; um chamado ao reconhecimento social da profiss\u00e3o\u00a0"},"content":{"rendered":"\t\t<div data-elementor-type=\"wp-post\" data-elementor-id=\"14524\" class=\"elementor elementor-14524\" data-elementor-post-type=\"post\">\n\t\t\t\t\t\t<section class=\"elementor-section elementor-top-section elementor-element elementor-element-0939030 elementor-section-boxed elementor-section-height-default elementor-section-height-default\" data-id=\"0939030\" data-element_type=\"section\">\n\t\t\t\t\t\t<div class=\"elementor-container elementor-column-gap-default\">\n\t\t\t\t\t<div class=\"elementor-column elementor-col-100 elementor-top-column elementor-element elementor-element-8435a16\" data-id=\"8435a16\" data-element_type=\"column\">\n\t\t\t<div class=\"elementor-widget-wrap elementor-element-populated\">\n\t\t\t\t\t\t<div class=\"elementor-element elementor-element-73411f5 elementor-widget elementor-widget-bloque-texto\" data-id=\"73411f5\" data-element_type=\"widget\" data-widget_type=\"bloque-texto.default\">\n\t\t\t\t<div class=\"elementor-widget-container\">\n\t\t\t\t\t<!-- Texto -->\n<section class=\"bloque bloque-texto  \">\n    <div class=\"container\">\n        <div class=\"estrecho2\">\n                        <div class=\"subtitulos\" data-aos=\"fade-left\" data-aos-duration=\"700\"><p><span>O estudo Educobar\u00f4metro, de 2023, analisou as condi\u00e7\u00f5es do of\u00edcio docente no Brasil, Chile, M\u00e9xico e Espanha e expressou a necessidade de aprimorar a base material das escolas e o reconhecimento social da carreira docente.<\/span><span>\u00a0<\/span><\/p><\/div>\n            \n            <div class=\"row\">\n                <div class=\"col-sm-12\">\n                    <div class=\"the_content\" data-aos=\"fade-up\" data-aos-duration=\"700\">\n                        <p><span data-contrast=\"auto\">Entre abril e maio de 2023 foi realizada sondagem com professores da educa\u00e7\u00e3o b\u00e1sica no Brasil, Chile, M\u00e9xico e Espanha. Este <\/span><a href=\"https:\/\/oes.fundacion-sm.org\/pt-br\/investigacao-oes\/educobarometro-professores-no-brasil-2023\" target=\"_blank\" rel=\"noopener\"><b><i><span data-contrast=\"none\">Educobar\u00f4metro<\/span><\/i><\/b><i><span data-contrast=\"none\">,<\/span><\/i><span data-contrast=\"none\"> realizado pela Funda\u00e7\u00e3o SM<\/span><\/a><span data-contrast=\"auto\">, entrevistou 600 professores das cinco regi\u00f5es brasileiras, de forma presencial. O estudo permite interpretar condi\u00e7\u00f5es de realiza\u00e7\u00e3o do of\u00edcio docente na educa\u00e7\u00e3o b\u00e1sica de escolas p\u00fablicas e privadas. Destacamos, a seguir, aspectos que se referem \u00e0 base material das escolas para o exerc\u00edcio profissional e para os aprendizados de estudantes, as repercuss\u00f5es de condi\u00e7\u00f5es objetivas e subjetivas na carreira dos trabalhadores e trabalhadoras docentes e os desafios para a constru\u00e7\u00e3o do reconhecimento social da profiss\u00e3o docente no Brasil.<\/span><span data-ccp-props=\"{&quot;201341983&quot;:0,&quot;335551550&quot;:6,&quot;335551620&quot;:6,&quot;335559739&quot;:200,&quot;335559740&quot;:240}\">\u00a0<\/span><\/p>\n<h2><b><span data-contrast=\"auto\">A carreira docente<\/span><\/b><span data-ccp-props=\"{&quot;201341983&quot;:0,&quot;335551550&quot;:6,&quot;335551620&quot;:6,&quot;335559739&quot;:200,&quot;335559740&quot;:240}\">\u00a0<\/span><\/h2>\n<p><span data-contrast=\"auto\">Perguntados sobre o que motivou a escolha pela carreira, 27% dos respondentes no Brasil indicaram o gosto pela doc\u00eancia como motivo e 25% a possibilidade de melhorar a sociedade. Quando consideramos as idades, encontramos diferen\u00e7as nas motiva\u00e7\u00f5es entre aqueles com menos de 35 anos e os com mais de 50 anos de idade. Gostar de lecionar foi motivo para 32% dos docentes com menos de 35 anos e para 20% dos docentes com mais de 50 anos. Melhorar a sociedade foi motivo para 28% dos docentes com menos de 35 anos e para 19% dos docentes com mais de 50 anos.<\/span><span data-ccp-props=\"{&quot;201341983&quot;:0,&quot;335551550&quot;:6,&quot;335551620&quot;:6,&quot;335559739&quot;:200,&quot;335559740&quot;:240}\">\u00a0<\/span><\/p>\n<p><span data-contrast=\"none\">Ao longo das \u00faltimas tr\u00eas d\u00e9cadas, as reformas previdenci\u00e1rias no Brasil resultaram em perdas de rendimentos e aumento da idade m\u00ednima para se aposentar, levando os docentes a adiarem a aposentadoria. Esse cen\u00e1rio pode explicar a menor motiva\u00e7\u00e3o de professores com mais de 50 anos, possivelmente influenciada pelo confronto com a realidade educacional e a redu\u00e7\u00e3o das expectativas de melhoria social atrav\u00e9s da escolariza\u00e7\u00e3o. <\/span><span data-contrast=\"auto\">Precisamos pensar juntos, ent\u00e3o, como manter acesa a chama da motiva\u00e7\u00e3o, entre professores e estudantes, para que se encontre sentido de estar na escola, ensinando e aprendendo e consciente de que aquele e aquela que ensina tamb\u00e9m \u00e9 aprendiz.<\/span><span data-ccp-props=\"{&quot;201341983&quot;:0,&quot;335551550&quot;:6,&quot;335551620&quot;:6,&quot;335559739&quot;:200,&quot;335559740&quot;:240}\">\u00a0<\/span><\/p>\n<p><span data-contrast=\"auto\">Diante da pergunta sobre o que seria necess\u00e1rio para melhorar sua situa\u00e7\u00e3o profissional, 72% dos docentes brasileiros responderam que o sal\u00e1rio precisaria aumentar. A segunda resposta mais recorrente teve 37% das indica\u00e7\u00f5es, reivindicando \u201cmelhor considera\u00e7\u00e3o social de nosso trabalho docente\u201d. As respostas apontam para a centralidade do sal\u00e1rio, que \u00e9 condi\u00e7\u00e3o objetiva de qualidade do exerc\u00edcio profissional associado com aspectos subjetivos relacionados com o valor que a sociedade atribuiu ao of\u00edcio de ser professor ou professora.<\/span><span data-ccp-props=\"{&quot;201341983&quot;:0,&quot;335551550&quot;:6,&quot;335551620&quot;:6,&quot;335559739&quot;:200,&quot;335559740&quot;:240}\">\u00a0<\/span><\/p>\n<p><span data-contrast=\"auto\">Recentes editoriais de jornais de grande circula\u00e7\u00e3o nacional reacenderam a discuss\u00e3o sobre a gest\u00e3o em contraposi\u00e7\u00e3o \u00e0 reivindica\u00e7\u00e3o por mais recursos para a educa\u00e7\u00e3o brasileira. O Plano Nacional da Educa\u00e7\u00e3o (PNE) de 2014 previa que o investimento em educa\u00e7\u00e3o no Brasil chegaria a 10% do PIB em 10 anos. Atualmente, apenas um pouco mais de 5% de todas as riquezas nacionais s\u00e3o aplicadas na educa\u00e7\u00e3o. Estamos longe da meta e ainda mais longe dos pa\u00edses que mais investem em educa\u00e7\u00e3o, segundo dados da OCDE (<\/span><span data-contrast=\"none\">Organiza\u00e7\u00e3o para a Coopera\u00e7\u00e3o e Desenvolvimento Econ\u00f4mico).<\/span> <span data-contrast=\"none\">O relat\u00f3rio intitulado \u201c<\/span><a href=\"https:\/\/www.oecd.org\/education\/education-at-a-glance\/\" target=\"_blank\" rel=\"noopener\"><span data-contrast=\"none\">Education at a Glance<\/span><\/a><span data-contrast=\"none\">\u201d de 2023 mostra que o Brasil investiu, em 2020, cerca de US$-PPC 3.300 (D\u00f3lar por Poder de Paridade de Compra) ao passo que a m\u00e9dia de investimento por aluno dos pa\u00edses da OCDE foi de US$-PPC 11 mil.<\/span><span data-ccp-props=\"{&quot;201341983&quot;:0,&quot;335551550&quot;:6,&quot;335551620&quot;:6,&quot;335559739&quot;:200,&quot;335559740&quot;:240}\">\u00a0<\/span><\/p>\n<p><span data-contrast=\"none\">\u00c9 ineg\u00e1vel a import\u00e2ncia de gest\u00e3o de qualidade para garantir que as prioridades sejam atendidas conforme as decis\u00f5es coletivas das confer\u00eancias de educa\u00e7\u00e3o e demais espa\u00e7os colegiados de debate, legisla\u00e7\u00e3o, execu\u00e7\u00e3o e controle das pol\u00edticas e projetos educacionais. <\/span><span data-contrast=\"none\">A qualidade das pr\u00e1ticas educativas est\u00e1 intrinsecamente ligada \u00e0 sufici\u00eancia da base material das escolas, exigindo pr\u00e9dios bem equipados, laborat\u00f3rios cient\u00edficos, espa\u00e7os culturais, alimenta\u00e7\u00e3o saud\u00e1vel, e educadores motivados e bem remunerados, com estabilidade no emprego, autonomia e <\/span><span data-contrast=\"none\">dedicados a uma \u00fanica institui\u00e7\u00e3o<\/span><span data-contrast=\"none\">.<\/span><span data-ccp-props=\"{&quot;201341983&quot;:0,&quot;335551550&quot;:6,&quot;335551620&quot;:6,&quot;335559739&quot;:200,&quot;335559740&quot;:240}\">\u00a0<\/span><\/p>\n<h2><b><span data-contrast=\"auto\">O fazer docente<\/span><\/b><span data-ccp-props=\"{&quot;201341983&quot;:0,&quot;335551550&quot;:6,&quot;335551620&quot;:6,&quot;335559739&quot;:200,&quot;335559740&quot;:240}\">\u00a0<\/span><\/h2>\n<p><span data-contrast=\"auto\">Em rela\u00e7\u00e3o \u00e0 indaga\u00e7\u00e3o sobre dificuldades para a realiza\u00e7\u00e3o da tarefa docente e causas de estresse na doc\u00eancia houve respostas coincidentes. Manter a disciplina entre os estudantes e dificuldades em administrar o tempo para realizar atividades aparece como fator tanto gerador de estresse quanto dificultador do trabalho docente. Ter muito trabalho administrativo e pouco tempo para preparar aulas tamb\u00e9m \u00e9 fator recorrente nas respostas.\u00a0<\/span><span data-ccp-props=\"{&quot;201341983&quot;:0,&quot;335551550&quot;:6,&quot;335551620&quot;:6,&quot;335559739&quot;:200,&quot;335559740&quot;:240}\">\u00a0<\/span><\/p>\n<p><span data-contrast=\"auto\">A constata\u00e7\u00e3o de que dois em cada tr\u00eas docentes brasileiros afirmam que suas escolas n\u00e3o proporcionam os recursos necess\u00e1rios para realizar seu trabalho destaca a precariedade enfrentada na infraestrutura educacional. \u00c9 poss\u00edvel considerar que essa lacuna se manifeste diretamente na qualidade das condi\u00e7\u00f5es de ensino, comprometendo o desenvolvimento profissional dos docentes e o aprendizado dos estudantes.<\/span><span data-ccp-props=\"{&quot;201341983&quot;:0,&quot;335551550&quot;:6,&quot;335551620&quot;:6,&quot;335559739&quot;:200,&quot;335559740&quot;:240}\">\u00a0<\/span><\/p>\n<p><span data-contrast=\"auto\">Docentes brasileiros s\u00e3o, entre os quatro pa\u00edses participantes deste <\/span><i><span data-contrast=\"auto\">Educobar\u00f4metro<\/span><\/i><span data-contrast=\"auto\">, os que mais afirmam (67%) que \u201capesar dos problemas, eu me esfor\u00e7o muito e, \u00e0s vezes, fico entusiasmado(a)\u201d com o trabalho docente. No M\u00e9xico 59% dos participantes da pesquisa concordam que esta mesma afirma\u00e7\u00e3o, 43% dos chilenos e 24% dos espanhois. \u00c9 baixo o \u00edndice de docentes efetivamente entusiasmados (16%) no Brasil, mas \u00e9 significativo o \u00edndice dos que declaram se esfor\u00e7ar muito diante dos problemas. S\u00e3o tamb\u00e9m os docentes brasileiros os que afirmam com\u00a0maior frequ\u00eancia a disposi\u00e7\u00e3o de mudar de profiss\u00e3o para algum trabalho semelhante. Entre os brasileiros o \u00edndice \u00e9 de 29%, entre chilenos 19%, entre mexicanos 16% e entre espanhois \u00e9 11%.\u00a0<\/span><span data-ccp-props=\"{&quot;201341983&quot;:0,&quot;335551550&quot;:6,&quot;335551620&quot;:6,&quot;335559738&quot;:200,&quot;335559740&quot;:240}\">\u00a0<\/span><\/p>\n<p><span data-contrast=\"auto\">A pesquisa preocupou-se em indagar sobre sintomas f\u00edsicos e mentais relacionados com a profiss\u00e3o docente. Solicitou-se que as respostas desconsiderassem o per\u00edodo da pandemia de Covid-19. Dos respondentes brasileiros, 76% afirmaram ter tido sintomas de esgotamento f\u00edsico e mental, 51% sintomas de ansiedade e depress\u00e3o e 42% falta de entusiasmo, apatia ou perda de interesse.\u00a0<\/span><span data-ccp-props=\"{&quot;201341983&quot;:0,&quot;335551550&quot;:6,&quot;335551620&quot;:6,&quot;335559738&quot;:200,&quot;335559740&quot;:240}\">\u00a0<\/span><\/p>\n<p><span data-contrast=\"auto\">O INEP (Instituto Nacional de Estudos e Pesquisas Educacionais An\u00edsio Teixeira) construiu um <\/span><a href=\"http:\/\/xn--esforo%20docente%20%20instituto%20nacional%20de%20estudos%20e%20pesquisas%20educacionais%20ansio%20teixeira%20%7C%20inep%20(www-30k00fn8252a.gov.br)\/\" target=\"_blank\" rel=\"noopener\"><span data-contrast=\"none\">indicador de <\/span><i><span data-contrast=\"none\">esfor\u00e7o docente<\/span><\/i><\/a><span data-contrast=\"auto\"> que considera o n\u00famero de escolas onde um docente atua, o n\u00famero de turnos de trabalho, o n\u00famero de alunos atendidos e o n\u00famero de etapas nas quais o docente leciona. Esse indicador se organiza numa escala de 1 a 6, indo do menor ao maior esfor\u00e7o docente. Os dados de 2022 indicam que 4,6% dos professores dos anos iniciais do ensino fundamental se encontram nos n\u00edveis 5 e 6 de esfor\u00e7o docente. Nos anos finais do ensino fundamental s\u00e3o 13,8% nesses mesmos n\u00edveis. E no ensino m\u00e9dio, esses n\u00edveis de esfor\u00e7o concentram 18,6% dos docentes. Os \u00edndices expressos pelos n\u00edveis 5 e 6 indicam docentes que atendem a mais de 300 ou 400 estudantes, atuam nos tr\u00eas turnos, em duas ou tr\u00eas escolas e em duas ou tr\u00eas etapas de ensino.\u00a0<\/span><span data-ccp-props=\"{&quot;201341983&quot;:0,&quot;335551550&quot;:6,&quot;335551620&quot;:6,&quot;335559738&quot;:200,&quot;335559740&quot;:240}\">\u00a0<\/span><\/p>\n<p><span data-contrast=\"auto\">Esse cen\u00e1rio expressa a necessidade de amplia\u00e7\u00e3o do quadro docente permanente das escolas, pol\u00edticas de prote\u00e7\u00e3o \u00e0 sa\u00fade f\u00edsica e mental de docentes e o imperativo de melhoria das condi\u00e7\u00f5es de trabalho e valoriza\u00e7\u00e3o docente.\u00a0<\/span><span data-ccp-props=\"{&quot;201341983&quot;:0,&quot;335551550&quot;:6,&quot;335551620&quot;:6,&quot;335559738&quot;:200,&quot;335559740&quot;:240}\">\u00a0<\/span><\/p>\n<p><span data-contrast=\"auto\">Os professores apontam que, para melhorar profissionalmente, \u00e9 crucial priorizar aspectos relacionados \u00e0s condi\u00e7\u00f5es de trabalho, como melhor sal\u00e1rio, mais reconhecimento social e equil\u00edbrio pessoal-profissional. Os baixos sal\u00e1rios e as prec\u00e1rias condi\u00e7\u00f5es de trabalho levam professores a buscar complementa\u00e7\u00f5es de renda, seja por meio de dupla ou tripla jornada ou atividades complementares alheias ao trabalho docente. Segundo <\/span><a href=\"https:\/\/www.gov.br\/inep\/pt-br\" target=\"_blank\" rel=\"noopener\"><span data-contrast=\"none\">dados do INEP<\/span><\/a><span data-contrast=\"auto\">, referentes ao Censo Educacional de 2021, os docentes com estabilidade profissional no Brasil somam 55% demonstrando que parcela expressiva se encontra submetida a formas de trabalho ausentes das dimens\u00f5es de estabilidade e carreira.<\/span><span data-ccp-props=\"{&quot;201341983&quot;:0,&quot;335551550&quot;:6,&quot;335551620&quot;:6,&quot;335559738&quot;:200,&quot;335559740&quot;:240}\">\u00a0<\/span><\/p>\n<p><span data-contrast=\"auto\">Diante da afirmativa \u201ca sociedade valoriza os professores\u201d, respondentes dos quatros pa\u00edses assim se manifestaram: 74% dos docentes brasileiros, 30% dos chilenos, 27% dos mexicanos e 22% dos docentes espanhois discordam dessa senten\u00e7a. E frente \u00e0 afirma\u00e7\u00e3o \u201ca administra\u00e7\u00e3o educacional p\u00fablica valoriza os professores\u201d, discordaram na seguinte ordem: 77% dos brasileiros, 29% dos mexicanos, 24% dos espanhois e 22% dos docentes chilenos. Os dados revelam que s\u00e3o os docentes brasileiros, na compara\u00e7\u00e3o entre os pa\u00edses, os que mais se ressentem de valoriza\u00e7\u00e3o profissional, quer seja da gest\u00e3o educacional, quer seja da sociedade de um modo geral.\u00a0<\/span><span data-ccp-props=\"{&quot;201341983&quot;:0,&quot;335551550&quot;:6,&quot;335551620&quot;:6,&quot;335559738&quot;:200,&quot;335559740&quot;:240}\">\u00a0<\/span><span data-ccp-props=\"{&quot;201341983&quot;:0,&quot;335551550&quot;:6,&quot;335551620&quot;:6,&quot;335559738&quot;:240,&quot;335559739&quot;:240,&quot;335559740&quot;:240}\">\u00a0<\/span><\/p>\n<h2><b><span data-contrast=\"auto\">Reconhecimento e identidade profissional\u00a0<\/span><\/b><span data-ccp-props=\"{&quot;201341983&quot;:0,&quot;335551550&quot;:6,&quot;335551620&quot;:6,&quot;335559738&quot;:240,&quot;335559739&quot;:240,&quot;335559740&quot;:240}\">\u00a0<\/span><\/h2>\n<p><span data-contrast=\"auto\">A disposi\u00e7\u00e3o expressa pelos participantes brasileiros da pesquisa de mudar de profiss\u00e3o pode ser associada ao conjunto de fatores revelados em suas respostas. A percep\u00e7\u00e3o de que o trabalho realizado n\u00e3o \u00e9 devidamente remunerado, a den\u00fancia de que o trabalho docente \u00e9 realizado em condi\u00e7\u00f5es de insufici\u00eancia material e a enuncia\u00e7\u00e3o de tr\u00eas em cada quatro docentes de que a profiss\u00e3o n\u00e3o \u00e9 valorizada fazem parte desse conjunto de fatores. Estes se associam para o que se pode denominar de um mal estar docente nas escolas brasileiras.\u00a0<\/span><span data-ccp-props=\"{&quot;201341983&quot;:0,&quot;335551550&quot;:6,&quot;335551620&quot;:6,&quot;335559738&quot;:240,&quot;335559739&quot;:240,&quot;335559740&quot;:240}\">\u00a0<\/span><\/p>\n<p><span data-contrast=\"auto\">O \u00e2nimo que move a atua\u00e7\u00e3o docente n\u00e3o \u00e9 apenas uma quest\u00e3o de motiva\u00e7\u00e3o pessoal, mas tamb\u00e9m depende da base material que sustenta a profiss\u00e3o. Esta encontra-se relacionada com a consist\u00eancia das pol\u00edticas educacionais que demandam financiamento, planejamento e participa\u00e7\u00e3o dos atores envolvidos no processo educacional e melhorias nos contratos de trabalho do setor privado. O \u00e2nimo tamb\u00e9m se constitui no reconhecimento social da profiss\u00e3o e nos la\u00e7os de solidariedade que se forjam na constru\u00e7\u00e3o de projetos em comum nas pol\u00edticas democratizantes e nos cotidianos das comunidades escolares.\u00a0<\/span><span data-ccp-props=\"{&quot;201341983&quot;:0,&quot;335551550&quot;:6,&quot;335551620&quot;:6,&quot;335559739&quot;:200,&quot;335559740&quot;:240}\">\u00a0<\/span><\/p>\n<p><span data-contrast=\"auto\">Os dados da pesquisa trazem diversos elementos, a partir das respostas docentes, relacionados com os desafios de produ\u00e7\u00e3o e de continuidade de identidades profissionais docentes. \u00c9 poss\u00edvel apontar esta\u00e7\u00f5es sens\u00edveis para estas identidades profissionais que precisam ser tratadas adequadamente nas biografias docentes. A qualidade da forma\u00e7\u00e3o inicial, a estrutura de carreira profissional que contemple a forma\u00e7\u00e3o continuada, o reconhecimento social, a valoriza\u00e7\u00e3o da profiss\u00e3o e a constitui\u00e7\u00e3o de condi\u00e7\u00f5es dignas de aposentadoria s\u00e3o elementos constituintes de uma identidade profissional.\u00a0<\/span><span data-ccp-props=\"{&quot;201341983&quot;:0,&quot;335551550&quot;:6,&quot;335551620&quot;:6,&quot;335559739&quot;:200,&quot;335559740&quot;:240}\">\u00a0<\/span><\/p>\n<p><span data-contrast=\"auto\">As respostas \u00e0 pesquisa revelaram fragilidades significativas em cada uma dessas que chamamos de esta\u00e7\u00f5es sens\u00edveis da identidade profissional. Essas vozes sinalizam para um mapa de atua\u00e7\u00e3o que deve se desdobrar em formula\u00e7\u00e3o e implementa\u00e7\u00e3o de pol\u00edticas p\u00fablicas capazes de superar as adversidades do fazer docente. Da mesma forma expressam a urg\u00eancia da produ\u00e7\u00e3o de redes de a\u00e7\u00e3o coletiva que busquem superar as dificuldades e sensibilizar a sociedade para a valoriza\u00e7\u00e3o da profiss\u00e3o docente no Brasil.<\/span><span data-ccp-props=\"{&quot;201341983&quot;:0,&quot;335551550&quot;:6,&quot;335551620&quot;:6,&quot;335559739&quot;:200,&quot;335559740&quot;:240}\">\u00a0<\/span><\/p>\n<hr \/>\n<p style=\"text-align: right\"><span data-contrast=\"auto\"><strong>Ana Karina Brenner<\/strong>: Doutora em Educa\u00e7\u00e3o. Professora associada da Faculdade de Educa\u00e7\u00e3o e do Programa de P\u00f3s-Gradua\u00e7\u00e3o em Educa\u00e7\u00e3o (ProPEd) da Universidade do Estado do Rio de Janeiro (UERJ). Coordenadora do grupo de pesquisa Observat\u00f3rio Jovem do Rio de Janeiro\/UERJ.<\/span><span data-ccp-props=\"{&quot;201341983&quot;:0,&quot;335551550&quot;:6,&quot;335551620&quot;:6,&quot;335559740&quot;:240}\">\u00a0<\/span><\/p>\n<p style=\"text-align: right\"><span data-contrast=\"auto\"><strong>Paulo Carrano<\/strong>: Doutor em Educa\u00e7\u00e3o. Professor associado IV da Faculdade de Educa\u00e7\u00e3o e do Programa de P\u00f3s-Gradua\u00e7\u00e3o em Educa\u00e7\u00e3o da Universidade Federal Fluminense (UFF). Pesquisador Produtividade CNPq &#8211; Coordenador do grupo de pesquisa Observat\u00f3rio Jovem do Rio de Janeiro\/UFF.<\/span><span data-ccp-props=\"{&quot;201341983&quot;:0,&quot;335551550&quot;:6,&quot;335551620&quot;:6,&quot;335559740&quot;:240}\">\u00a0<\/span><\/p>\n                    <\/div>\n                <\/div>\n            <\/div>\n        <\/div>\n    <\/div>\n<\/section>\t\t\t\t<\/div>\n\t\t\t\t<\/div>\n\t\t\t\t<div class=\"elementor-element elementor-element-fce15bb elementor-widget elementor-widget-bloque-blog-2\" data-id=\"fce15bb\" data-element_type=\"widget\" data-widget_type=\"bloque-blog-2.default\">\n\t\t\t\t<div class=\"elementor-widget-container\">\n\t\t\t\t\t\n\n<!-- Bloque Blog -->\n<div class=\"container\">\n    <div class=\"row titulo-con-enlace\">\n        <div class=\"col-12\">\n            <h2 class=\"titulos\" data-aos=\"fade-left\" data-aos-duration=\"700\">Postagens relacionadas<\/h2>                        <a href=\"https:\/\/oes.fundacion-sm.org\/eduforics\/\" data-aos=\"fade-right\" data-aos-duration=\"700\" class=\"enlace btn-arrow\" title=\"Ver mais\"><span>Ver mais<\/span><\/a>\n                    <\/div>\n    <\/div>\n<\/div>\n<section class=\"bloque bloque-blog bloqueorlmeyrqxt  diseno-eduforics \">\n    <div class=\"container\">\n        <div class=\"background  \">\n            <div class=\"estrecho\">\n                <div class=\"row ultimas\">\n                                                            <div class=\"col-12 col-sm-6 d-flex align-items-stretch\" data-aos=\"fade-up\" data-aos-delay=\"200\" data-aos-duration=\"700\">\n                                    <a class=\"noticia \" href=\"https:\/\/oes.fundacion-sm.org\/pt-br\/eduforics\/educacao-inclusiva-e-de-qualidade\/educacao-desenvolvimento-sustentavel\/o-dia-mundial-da-mae-terra-a-educacao-pode-ajudar-a-humanidade-a-alcancar-a-paz-com-o-planeta\/\">\n    <div class=\"image\">\n        <img fetchpriority=\"high\" decoding=\"async\" width=\"890\" height=\"560\" src=\"https:\/\/oes.fundacion-sm.org\/wp-content\/uploads\/sites\/14\/2026\/04\/Artemis_NASA-890x560.png\" class=\"img-fluid wp-post-image\" alt=\"\" srcset=\"https:\/\/oes.fundacion-sm.org\/wp-content\/uploads\/sites\/14\/2026\/04\/Artemis_NASA-890x560.png 890w, https:\/\/oes.fundacion-sm.org\/wp-content\/uploads\/sites\/14\/2026\/04\/Artemis_NASA-300x189.png 300w, https:\/\/oes.fundacion-sm.org\/wp-content\/uploads\/sites\/14\/2026\/04\/Artemis_NASA-1024x644.png 1024w, https:\/\/oes.fundacion-sm.org\/wp-content\/uploads\/sites\/14\/2026\/04\/Artemis_NASA-768x483.png 768w, https:\/\/oes.fundacion-sm.org\/wp-content\/uploads\/sites\/14\/2026\/04\/Artemis_NASA-1056x664.png 1056w, https:\/\/oes.fundacion-sm.org\/wp-content\/uploads\/sites\/14\/2026\/04\/Artemis_NASA.png 1200w\" sizes=\"(max-width: 890px) 100vw, 890px\" \/>    <\/div>\n    <div class=\"datos\">\n        <div class=\"categoria\">Educa\u00e7\u00e3o para o desenvolvimento sustent\u00e1vel<\/div>\n        <h3 class=\"subtitulos\">O Dia Mundial da M\u00e3e Terra: a educa\u00e7\u00e3o pode ajudar a humanidade a alcan\u00e7ar a paz com o planeta<\/h3>\n                <div class=\"autor\">Por <em>Humberto Herrera Contreras<\/em><\/div>\n            <\/div>\n<\/a>                                    <\/div>\n                                                                    <div class=\"col-12 col-sm-6 d-flex align-items-stretch\" data-aos=\"fade-up\" data-aos-delay=\"500\" data-aos-duration=\"700\">\n                                    <a class=\"noticia \" href=\"https:\/\/oes.fundacion-sm.org\/pt-br\/eduforics\/educacao-inclusiva-e-de-qualidade\/educacao-desenvolvimento-sustentavel\/alfabetizacao-ecologica-possibilidades-para-superar-os-limites-do-planeta\/\">\n    <div class=\"image\">\n        <img decoding=\"async\" width=\"890\" height=\"560\" src=\"https:\/\/oes.fundacion-sm.org\/wp-content\/uploads\/sites\/14\/2026\/04\/Ecologia-1151886550-890x560.png\" class=\"img-fluid wp-post-image\" alt=\"\" srcset=\"https:\/\/oes.fundacion-sm.org\/wp-content\/uploads\/sites\/14\/2026\/04\/Ecologia-1151886550-890x560.png 890w, https:\/\/oes.fundacion-sm.org\/wp-content\/uploads\/sites\/14\/2026\/04\/Ecologia-1151886550-300x189.png 300w, https:\/\/oes.fundacion-sm.org\/wp-content\/uploads\/sites\/14\/2026\/04\/Ecologia-1151886550-1024x644.png 1024w, https:\/\/oes.fundacion-sm.org\/wp-content\/uploads\/sites\/14\/2026\/04\/Ecologia-1151886550-768x483.png 768w, https:\/\/oes.fundacion-sm.org\/wp-content\/uploads\/sites\/14\/2026\/04\/Ecologia-1151886550-1056x664.png 1056w, https:\/\/oes.fundacion-sm.org\/wp-content\/uploads\/sites\/14\/2026\/04\/Ecologia-1151886550.png 1200w\" sizes=\"(max-width: 890px) 100vw, 890px\" \/>    <\/div>\n    <div class=\"datos\">\n        <div class=\"categoria\">Educa\u00e7\u00e3o para o desenvolvimento sustent\u00e1vel<\/div>\n        <h3 class=\"subtitulos\">Alfabetiza\u00e7\u00e3o Ecol\u00f3gica: possibilidades para superar os limites do planeta<\/h3>\n                <div class=\"autor\">Por <em>Cl\u00e1udia Chesini<\/em><\/div>\n            <\/div>\n<\/a>                                    <\/div>\n                                                <\/div>\n            <\/div>\n        <\/div>\n    <\/div>\n<\/section>\n\n\t\t\t\t<\/div>\n\t\t\t\t<\/div>\n\t\t\t\t\t<\/div>\n\t\t<\/div>\n\t\t\t\t\t<\/div>\n\t\t<\/section>\n\t\t\t\t<\/div>\n\t\t","protected":false},"excerpt":{"rendered":"<p>O estudo Educobar\u00f4metro, de 2023, analisou as condi\u00e7\u00f5es do of\u00edcio docente no Brasil, Chile, M\u00e9xico e Espanha e expressou a necessidade de aprimorar a base material das escolas e o reconhecimento social da carreira docente.\u00a0 Entre abril e maio de 2023 foi realizada sondagem com professores da educa\u00e7\u00e3o b\u00e1sica no Brasil, Chile, M\u00e9xico e Espanha. [&hellip;]<\/p>\n","protected":false},"author":8,"featured_media":14527,"comment_status":"closed","ping_status":"closed","sticky":false,"template":"","format":"standard","meta":{"_acf_changed":false,"footnotes":""},"categories":[36,66],"tags":[],"class_list":["post-14524","post","type-post","status-publish","format-standard","has-post-thumbnail","hentry","category-eduforics","category-lideranca-educativa-e-profissao-docente"],"acf":[],"yoast_head":"<!-- This site is optimized with the Yoast SEO plugin v26.7 - https:\/\/yoast.com\/wordpress\/plugins\/seo\/ -->\n<title>Of\u00edcio docente no Brasil - um chamado ao reconhecimento social da profiss\u00e3o\u00a0 - Eduforics - Observat\u00f3rio da escola na Ibero-Am\u00e9rica (OES)<\/title>\n<meta name=\"description\" content=\"O estudo Educobar\u00f4metro, de 2023, analisou as condi\u00e7\u00f5es do of\u00edcio docente no Brasil, Chile, M\u00e9xico e Espanha e expressou a necessidade de aprimorar a base\" \/>\n<meta name=\"robots\" content=\"index, follow, max-snippet:-1, max-image-preview:large, max-video-preview:-1\" \/>\n<link rel=\"canonical\" href=\"https:\/\/oes.fundacion-sm.org\/pt-br\/eduforics\/reimaginar-juntos-os-futuros\/lideranca-educativa-e-profissao-docente\/oficio-docente-no-brasil-um-chamado-ao-reconhecimento-social-da-profissao\/\" \/>\n<meta property=\"og:locale\" content=\"pt_BR\" \/>\n<meta property=\"og:type\" content=\"article\" \/>\n<meta property=\"og:title\" content=\"Of\u00edcio docente no Brasil - um chamado ao reconhecimento social da profiss\u00e3o\u00a0 - Observat\u00f3rio da escola na Ibero-Am\u00e9rica (OES)\" \/>\n<meta property=\"og:description\" content=\"O estudo Educobar\u00f4metro, de 2023, analisou as condi\u00e7\u00f5es do of\u00edcio docente no Brasil, Chile, M\u00e9xico e Espanha e expressou a necessidade de aprimorar a base\" \/>\n<meta property=\"og:url\" content=\"https:\/\/oes.fundacion-sm.org\/pt-br\/eduforics\/reimaginar-juntos-os-futuros\/lideranca-educativa-e-profissao-docente\/oficio-docente-no-brasil-um-chamado-ao-reconhecimento-social-da-profissao\/\" \/>\n<meta property=\"og:site_name\" content=\"Observat\u00f3rio da escola na Ibero-Am\u00e9rica (OES)\" \/>\n<meta property=\"article:published_time\" content=\"2024-05-07T10:13:59+00:00\" \/>\n<meta property=\"article:modified_time\" content=\"2024-05-14T09:45:08+00:00\" \/>\n<meta property=\"og:image\" content=\"https:\/\/oes.fundacion-sm.org\/wp-content\/uploads\/sites\/14\/2024\/05\/docente_brasil-1356636089.jpg\" \/>\n\t<meta property=\"og:image:width\" content=\"1200\" \/>\n\t<meta property=\"og:image:height\" content=\"800\" \/>\n\t<meta property=\"og:image:type\" content=\"image\/jpeg\" \/>\n<meta name=\"author\" content=\"augusto.ibanez@colex.grupo-sm.com\" \/>\n<meta name=\"twitter:card\" content=\"summary_large_image\" \/>\n<meta name=\"twitter:label1\" content=\"Escrito por\" \/>\n\t<meta name=\"twitter:data1\" content=\"augusto.ibanez@colex.grupo-sm.com\" \/>\n\t<meta name=\"twitter:label2\" content=\"Est. tempo de leitura\" \/>\n\t<meta name=\"twitter:data2\" content=\"11 minutos\" \/>\n<script type=\"application\/ld+json\" class=\"yoast-schema-graph\">{\"@context\":\"https:\/\/schema.org\",\"@graph\":[{\"@type\":\"Article\",\"@id\":\"https:\/\/oes.fundacion-sm.org\/pt-br\/eduforics\/reimaginar-juntos-os-futuros\/lideranca-educativa-e-profissao-docente\/oficio-docente-no-brasil-um-chamado-ao-reconhecimento-social-da-profissao\/#article\",\"isPartOf\":{\"@id\":\"https:\/\/oes.fundacion-sm.org\/pt-br\/eduforics\/reimaginar-juntos-os-futuros\/lideranca-educativa-e-profissao-docente\/oficio-docente-no-brasil-um-chamado-ao-reconhecimento-social-da-profissao\/\"},\"author\":{\"name\":\"augusto.ibanez@colex.grupo-sm.com\",\"@id\":\"https:\/\/oes.fundacion-sm.org\/pt-br\/#\/schema\/person\/70b96ded1131a24f5e350d4bb3407aa2\"},\"headline\":\"Of\u00edcio docente no Brasil &#8211; um chamado ao reconhecimento social da profiss\u00e3o\u00a0\",\"datePublished\":\"2024-05-07T10:13:59+00:00\",\"dateModified\":\"2024-05-14T09:45:08+00:00\",\"mainEntityOfPage\":{\"@id\":\"https:\/\/oes.fundacion-sm.org\/pt-br\/eduforics\/reimaginar-juntos-os-futuros\/lideranca-educativa-e-profissao-docente\/oficio-docente-no-brasil-um-chamado-ao-reconhecimento-social-da-profissao\/\"},\"wordCount\":1917,\"publisher\":{\"@id\":\"https:\/\/oes.fundacion-sm.org\/pt-br\/#organization\"},\"image\":{\"@id\":\"https:\/\/oes.fundacion-sm.org\/pt-br\/eduforics\/reimaginar-juntos-os-futuros\/lideranca-educativa-e-profissao-docente\/oficio-docente-no-brasil-um-chamado-ao-reconhecimento-social-da-profissao\/#primaryimage\"},\"thumbnailUrl\":\"https:\/\/oes.fundacion-sm.org\/wp-content\/uploads\/sites\/14\/2024\/05\/docente_brasil-1356636089.jpg\",\"articleSection\":[\"EDUforics\",\"Lideran\u00e7a educativa e profiss\u00e3o docente\"],\"inLanguage\":\"pt-BR\"},{\"@type\":\"WebPage\",\"@id\":\"https:\/\/oes.fundacion-sm.org\/pt-br\/eduforics\/reimaginar-juntos-os-futuros\/lideranca-educativa-e-profissao-docente\/oficio-docente-no-brasil-um-chamado-ao-reconhecimento-social-da-profissao\/\",\"url\":\"https:\/\/oes.fundacion-sm.org\/pt-br\/eduforics\/reimaginar-juntos-os-futuros\/lideranca-educativa-e-profissao-docente\/oficio-docente-no-brasil-um-chamado-ao-reconhecimento-social-da-profissao\/\",\"name\":\"Of\u00edcio docente no Brasil - um chamado ao reconhecimento social da profiss\u00e3o\u00a0 - Observat\u00f3rio da escola na Ibero-Am\u00e9rica (OES)\",\"isPartOf\":{\"@id\":\"https:\/\/oes.fundacion-sm.org\/pt-br\/#website\"},\"primaryImageOfPage\":{\"@id\":\"https:\/\/oes.fundacion-sm.org\/pt-br\/eduforics\/reimaginar-juntos-os-futuros\/lideranca-educativa-e-profissao-docente\/oficio-docente-no-brasil-um-chamado-ao-reconhecimento-social-da-profissao\/#primaryimage\"},\"image\":{\"@id\":\"https:\/\/oes.fundacion-sm.org\/pt-br\/eduforics\/reimaginar-juntos-os-futuros\/lideranca-educativa-e-profissao-docente\/oficio-docente-no-brasil-um-chamado-ao-reconhecimento-social-da-profissao\/#primaryimage\"},\"thumbnailUrl\":\"https:\/\/oes.fundacion-sm.org\/wp-content\/uploads\/sites\/14\/2024\/05\/docente_brasil-1356636089.jpg\",\"datePublished\":\"2024-05-07T10:13:59+00:00\",\"dateModified\":\"2024-05-14T09:45:08+00:00\",\"description\":\"O estudo Educobar\u00f4metro, de 2023, analisou as condi\u00e7\u00f5es do of\u00edcio docente no Brasil, Chile, M\u00e9xico e Espanha e expressou a necessidade de aprimorar a base\",\"breadcrumb\":{\"@id\":\"https:\/\/oes.fundacion-sm.org\/pt-br\/eduforics\/reimaginar-juntos-os-futuros\/lideranca-educativa-e-profissao-docente\/oficio-docente-no-brasil-um-chamado-ao-reconhecimento-social-da-profissao\/#breadcrumb\"},\"inLanguage\":\"pt-BR\",\"potentialAction\":[{\"@type\":\"ReadAction\",\"target\":[\"https:\/\/oes.fundacion-sm.org\/pt-br\/eduforics\/reimaginar-juntos-os-futuros\/lideranca-educativa-e-profissao-docente\/oficio-docente-no-brasil-um-chamado-ao-reconhecimento-social-da-profissao\/\"]}]},{\"@type\":\"ImageObject\",\"inLanguage\":\"pt-BR\",\"@id\":\"https:\/\/oes.fundacion-sm.org\/pt-br\/eduforics\/reimaginar-juntos-os-futuros\/lideranca-educativa-e-profissao-docente\/oficio-docente-no-brasil-um-chamado-ao-reconhecimento-social-da-profissao\/#primaryimage\",\"url\":\"https:\/\/oes.fundacion-sm.org\/wp-content\/uploads\/sites\/14\/2024\/05\/docente_brasil-1356636089.jpg\",\"contentUrl\":\"https:\/\/oes.fundacion-sm.org\/wp-content\/uploads\/sites\/14\/2024\/05\/docente_brasil-1356636089.jpg\",\"width\":1200,\"height\":800,\"caption\":\"A qualidade da forma\u00e7\u00e3o inicial e continuada, o reconhecimento social, a valoriza\u00e7\u00e3o da profiss\u00e3o e a constitui\u00e7\u00e3o de condi\u00e7\u00f5es dignas de aposentadoria s\u00e3o elementos constituintes de uma identidade profissional (imagem: iStock).\"},{\"@type\":\"BreadcrumbList\",\"@id\":\"https:\/\/oes.fundacion-sm.org\/pt-br\/eduforics\/reimaginar-juntos-os-futuros\/lideranca-educativa-e-profissao-docente\/oficio-docente-no-brasil-um-chamado-ao-reconhecimento-social-da-profissao\/#breadcrumb\",\"itemListElement\":[{\"@type\":\"ListItem\",\"position\":1,\"name\":\"Inicio\",\"item\":\"https:\/\/oes.fundacion-sm.org\/pt-br\/\"},{\"@type\":\"ListItem\",\"position\":2,\"name\":\"EDUforics\",\"item\":\"https:\/\/oes.fundacion-sm.org\/pt-br\/eduforics\/\"},{\"@type\":\"ListItem\",\"position\":3,\"name\":\"Reimaginar juntos os futuros\",\"item\":\"https:\/\/oes.fundacion-sm.org\/pt-br\/eduforics\/reimaginar-juntos-os-futuros\/\"},{\"@type\":\"ListItem\",\"position\":4,\"name\":\"Lideran\u00e7a educativa e profiss\u00e3o docente\",\"item\":\"https:\/\/oes.fundacion-sm.org\/pt-br\/eduforics\/reimaginar-juntos-os-futuros\/lideranca-educativa-e-profissao-docente\/\"},{\"@type\":\"ListItem\",\"position\":5,\"name\":\"Of\u00edcio docente no Brasil &#8211; um chamado ao reconhecimento social da profiss\u00e3o\u00a0\"}]},{\"@type\":\"WebSite\",\"@id\":\"https:\/\/oes.fundacion-sm.org\/pt-br\/#website\",\"url\":\"https:\/\/oes.fundacion-sm.org\/pt-br\/\",\"name\":\"Observat\u00f3rio da escola na Ibero-Am\u00e9rica (OES)\",\"description\":\"Funda\u00e7\u00e3o SM\",\"publisher\":{\"@id\":\"https:\/\/oes.fundacion-sm.org\/pt-br\/#organization\"},\"alternateName\":\"OES\",\"potentialAction\":[{\"@type\":\"SearchAction\",\"target\":{\"@type\":\"EntryPoint\",\"urlTemplate\":\"https:\/\/oes.fundacion-sm.org\/pt-br\/?s={search_term_string}\"},\"query-input\":{\"@type\":\"PropertyValueSpecification\",\"valueRequired\":true,\"valueName\":\"search_term_string\"}}],\"inLanguage\":\"pt-BR\"},{\"@type\":\"Organization\",\"@id\":\"https:\/\/oes.fundacion-sm.org\/pt-br\/#organization\",\"name\":\"Fundaci\u00f3n SM\",\"url\":\"https:\/\/oes.fundacion-sm.org\/pt-br\/\",\"logo\":{\"@type\":\"ImageObject\",\"inLanguage\":\"pt-BR\",\"@id\":\"https:\/\/oes.fundacion-sm.org\/pt-br\/#\/schema\/logo\/image\/\",\"url\":\"https:\/\/oes.fundacion-sm.org\/wp-content\/uploads\/sites\/14\/2023\/10\/logotipo-fundacion-sm.png\",\"contentUrl\":\"https:\/\/oes.fundacion-sm.org\/wp-content\/uploads\/sites\/14\/2023\/10\/logotipo-fundacion-sm.png\",\"width\":447,\"height\":85,\"caption\":\"Fundaci\u00f3n SM\"},\"image\":{\"@id\":\"https:\/\/oes.fundacion-sm.org\/pt-br\/#\/schema\/logo\/image\/\"}},{\"@type\":\"Person\",\"@id\":\"https:\/\/oes.fundacion-sm.org\/pt-br\/#\/schema\/person\/70b96ded1131a24f5e350d4bb3407aa2\",\"name\":\"augusto.ibanez@colex.grupo-sm.com\"}]}<\/script>\n<!-- \/ Yoast SEO plugin. -->","yoast_head_json":{"title":"Of\u00edcio docente no Brasil - um chamado ao reconhecimento social da profiss\u00e3o\u00a0 - Eduforics - Observat\u00f3rio da escola na Ibero-Am\u00e9rica (OES)","description":"O estudo Educobar\u00f4metro, de 2023, analisou as condi\u00e7\u00f5es do of\u00edcio docente no Brasil, Chile, M\u00e9xico e Espanha e expressou a necessidade de aprimorar a base","robots":{"index":"index","follow":"follow","max-snippet":"max-snippet:-1","max-image-preview":"max-image-preview:large","max-video-preview":"max-video-preview:-1"},"canonical":"https:\/\/oes.fundacion-sm.org\/pt-br\/eduforics\/reimaginar-juntos-os-futuros\/lideranca-educativa-e-profissao-docente\/oficio-docente-no-brasil-um-chamado-ao-reconhecimento-social-da-profissao\/","og_locale":"pt_BR","og_type":"article","og_title":"Of\u00edcio docente no Brasil - um chamado ao reconhecimento social da profiss\u00e3o\u00a0 - Observat\u00f3rio da escola na Ibero-Am\u00e9rica (OES)","og_description":"O estudo Educobar\u00f4metro, de 2023, analisou as condi\u00e7\u00f5es do of\u00edcio docente no Brasil, Chile, M\u00e9xico e Espanha e expressou a necessidade de aprimorar a base","og_url":"https:\/\/oes.fundacion-sm.org\/pt-br\/eduforics\/reimaginar-juntos-os-futuros\/lideranca-educativa-e-profissao-docente\/oficio-docente-no-brasil-um-chamado-ao-reconhecimento-social-da-profissao\/","og_site_name":"Observat\u00f3rio da escola na Ibero-Am\u00e9rica (OES)","article_published_time":"2024-05-07T10:13:59+00:00","article_modified_time":"2024-05-14T09:45:08+00:00","og_image":[{"width":1200,"height":800,"url":"https:\/\/oes.fundacion-sm.org\/wp-content\/uploads\/sites\/14\/2024\/05\/docente_brasil-1356636089.jpg","type":"image\/jpeg"}],"author":"augusto.ibanez@colex.grupo-sm.com","twitter_card":"summary_large_image","twitter_misc":{"Escrito por":"augusto.ibanez@colex.grupo-sm.com","Est. tempo de leitura":"11 minutos"},"schema":{"@context":"https:\/\/schema.org","@graph":[{"@type":"Article","@id":"https:\/\/oes.fundacion-sm.org\/pt-br\/eduforics\/reimaginar-juntos-os-futuros\/lideranca-educativa-e-profissao-docente\/oficio-docente-no-brasil-um-chamado-ao-reconhecimento-social-da-profissao\/#article","isPartOf":{"@id":"https:\/\/oes.fundacion-sm.org\/pt-br\/eduforics\/reimaginar-juntos-os-futuros\/lideranca-educativa-e-profissao-docente\/oficio-docente-no-brasil-um-chamado-ao-reconhecimento-social-da-profissao\/"},"author":{"name":"augusto.ibanez@colex.grupo-sm.com","@id":"https:\/\/oes.fundacion-sm.org\/pt-br\/#\/schema\/person\/70b96ded1131a24f5e350d4bb3407aa2"},"headline":"Of\u00edcio docente no Brasil &#8211; um chamado ao reconhecimento social da profiss\u00e3o\u00a0","datePublished":"2024-05-07T10:13:59+00:00","dateModified":"2024-05-14T09:45:08+00:00","mainEntityOfPage":{"@id":"https:\/\/oes.fundacion-sm.org\/pt-br\/eduforics\/reimaginar-juntos-os-futuros\/lideranca-educativa-e-profissao-docente\/oficio-docente-no-brasil-um-chamado-ao-reconhecimento-social-da-profissao\/"},"wordCount":1917,"publisher":{"@id":"https:\/\/oes.fundacion-sm.org\/pt-br\/#organization"},"image":{"@id":"https:\/\/oes.fundacion-sm.org\/pt-br\/eduforics\/reimaginar-juntos-os-futuros\/lideranca-educativa-e-profissao-docente\/oficio-docente-no-brasil-um-chamado-ao-reconhecimento-social-da-profissao\/#primaryimage"},"thumbnailUrl":"https:\/\/oes.fundacion-sm.org\/wp-content\/uploads\/sites\/14\/2024\/05\/docente_brasil-1356636089.jpg","articleSection":["EDUforics","Lideran\u00e7a educativa e profiss\u00e3o docente"],"inLanguage":"pt-BR"},{"@type":"WebPage","@id":"https:\/\/oes.fundacion-sm.org\/pt-br\/eduforics\/reimaginar-juntos-os-futuros\/lideranca-educativa-e-profissao-docente\/oficio-docente-no-brasil-um-chamado-ao-reconhecimento-social-da-profissao\/","url":"https:\/\/oes.fundacion-sm.org\/pt-br\/eduforics\/reimaginar-juntos-os-futuros\/lideranca-educativa-e-profissao-docente\/oficio-docente-no-brasil-um-chamado-ao-reconhecimento-social-da-profissao\/","name":"Of\u00edcio docente no Brasil - um chamado ao reconhecimento social da profiss\u00e3o\u00a0 - Observat\u00f3rio da escola na Ibero-Am\u00e9rica (OES)","isPartOf":{"@id":"https:\/\/oes.fundacion-sm.org\/pt-br\/#website"},"primaryImageOfPage":{"@id":"https:\/\/oes.fundacion-sm.org\/pt-br\/eduforics\/reimaginar-juntos-os-futuros\/lideranca-educativa-e-profissao-docente\/oficio-docente-no-brasil-um-chamado-ao-reconhecimento-social-da-profissao\/#primaryimage"},"image":{"@id":"https:\/\/oes.fundacion-sm.org\/pt-br\/eduforics\/reimaginar-juntos-os-futuros\/lideranca-educativa-e-profissao-docente\/oficio-docente-no-brasil-um-chamado-ao-reconhecimento-social-da-profissao\/#primaryimage"},"thumbnailUrl":"https:\/\/oes.fundacion-sm.org\/wp-content\/uploads\/sites\/14\/2024\/05\/docente_brasil-1356636089.jpg","datePublished":"2024-05-07T10:13:59+00:00","dateModified":"2024-05-14T09:45:08+00:00","description":"O estudo Educobar\u00f4metro, de 2023, analisou as condi\u00e7\u00f5es do of\u00edcio docente no Brasil, Chile, M\u00e9xico e Espanha e expressou a necessidade de aprimorar a base","breadcrumb":{"@id":"https:\/\/oes.fundacion-sm.org\/pt-br\/eduforics\/reimaginar-juntos-os-futuros\/lideranca-educativa-e-profissao-docente\/oficio-docente-no-brasil-um-chamado-ao-reconhecimento-social-da-profissao\/#breadcrumb"},"inLanguage":"pt-BR","potentialAction":[{"@type":"ReadAction","target":["https:\/\/oes.fundacion-sm.org\/pt-br\/eduforics\/reimaginar-juntos-os-futuros\/lideranca-educativa-e-profissao-docente\/oficio-docente-no-brasil-um-chamado-ao-reconhecimento-social-da-profissao\/"]}]},{"@type":"ImageObject","inLanguage":"pt-BR","@id":"https:\/\/oes.fundacion-sm.org\/pt-br\/eduforics\/reimaginar-juntos-os-futuros\/lideranca-educativa-e-profissao-docente\/oficio-docente-no-brasil-um-chamado-ao-reconhecimento-social-da-profissao\/#primaryimage","url":"https:\/\/oes.fundacion-sm.org\/wp-content\/uploads\/sites\/14\/2024\/05\/docente_brasil-1356636089.jpg","contentUrl":"https:\/\/oes.fundacion-sm.org\/wp-content\/uploads\/sites\/14\/2024\/05\/docente_brasil-1356636089.jpg","width":1200,"height":800,"caption":"A qualidade da forma\u00e7\u00e3o inicial e continuada, o reconhecimento social, a valoriza\u00e7\u00e3o da profiss\u00e3o e a constitui\u00e7\u00e3o de condi\u00e7\u00f5es dignas de aposentadoria s\u00e3o elementos constituintes de uma identidade profissional (imagem: iStock)."},{"@type":"BreadcrumbList","@id":"https:\/\/oes.fundacion-sm.org\/pt-br\/eduforics\/reimaginar-juntos-os-futuros\/lideranca-educativa-e-profissao-docente\/oficio-docente-no-brasil-um-chamado-ao-reconhecimento-social-da-profissao\/#breadcrumb","itemListElement":[{"@type":"ListItem","position":1,"name":"Inicio","item":"https:\/\/oes.fundacion-sm.org\/pt-br\/"},{"@type":"ListItem","position":2,"name":"EDUforics","item":"https:\/\/oes.fundacion-sm.org\/pt-br\/eduforics\/"},{"@type":"ListItem","position":3,"name":"Reimaginar juntos os futuros","item":"https:\/\/oes.fundacion-sm.org\/pt-br\/eduforics\/reimaginar-juntos-os-futuros\/"},{"@type":"ListItem","position":4,"name":"Lideran\u00e7a educativa e profiss\u00e3o docente","item":"https:\/\/oes.fundacion-sm.org\/pt-br\/eduforics\/reimaginar-juntos-os-futuros\/lideranca-educativa-e-profissao-docente\/"},{"@type":"ListItem","position":5,"name":"Of\u00edcio docente no Brasil &#8211; um chamado ao reconhecimento social da profiss\u00e3o\u00a0"}]},{"@type":"WebSite","@id":"https:\/\/oes.fundacion-sm.org\/pt-br\/#website","url":"https:\/\/oes.fundacion-sm.org\/pt-br\/","name":"Observat\u00f3rio da escola na Ibero-Am\u00e9rica (OES)","description":"Funda\u00e7\u00e3o SM","publisher":{"@id":"https:\/\/oes.fundacion-sm.org\/pt-br\/#organization"},"alternateName":"OES","potentialAction":[{"@type":"SearchAction","target":{"@type":"EntryPoint","urlTemplate":"https:\/\/oes.fundacion-sm.org\/pt-br\/?s={search_term_string}"},"query-input":{"@type":"PropertyValueSpecification","valueRequired":true,"valueName":"search_term_string"}}],"inLanguage":"pt-BR"},{"@type":"Organization","@id":"https:\/\/oes.fundacion-sm.org\/pt-br\/#organization","name":"Fundaci\u00f3n SM","url":"https:\/\/oes.fundacion-sm.org\/pt-br\/","logo":{"@type":"ImageObject","inLanguage":"pt-BR","@id":"https:\/\/oes.fundacion-sm.org\/pt-br\/#\/schema\/logo\/image\/","url":"https:\/\/oes.fundacion-sm.org\/wp-content\/uploads\/sites\/14\/2023\/10\/logotipo-fundacion-sm.png","contentUrl":"https:\/\/oes.fundacion-sm.org\/wp-content\/uploads\/sites\/14\/2023\/10\/logotipo-fundacion-sm.png","width":447,"height":85,"caption":"Fundaci\u00f3n SM"},"image":{"@id":"https:\/\/oes.fundacion-sm.org\/pt-br\/#\/schema\/logo\/image\/"}},{"@type":"Person","@id":"https:\/\/oes.fundacion-sm.org\/pt-br\/#\/schema\/person\/70b96ded1131a24f5e350d4bb3407aa2","name":"augusto.ibanez@colex.grupo-sm.com"}]}},"_links":{"self":[{"href":"https:\/\/oes.fundacion-sm.org\/pt-br\/wp-json\/wp\/v2\/posts\/14524","targetHints":{"allow":["GET"]}}],"collection":[{"href":"https:\/\/oes.fundacion-sm.org\/pt-br\/wp-json\/wp\/v2\/posts"}],"about":[{"href":"https:\/\/oes.fundacion-sm.org\/pt-br\/wp-json\/wp\/v2\/types\/post"}],"author":[{"embeddable":true,"href":"https:\/\/oes.fundacion-sm.org\/pt-br\/wp-json\/wp\/v2\/users\/8"}],"replies":[{"embeddable":true,"href":"https:\/\/oes.fundacion-sm.org\/pt-br\/wp-json\/wp\/v2\/comments?post=14524"}],"version-history":[{"count":7,"href":"https:\/\/oes.fundacion-sm.org\/pt-br\/wp-json\/wp\/v2\/posts\/14524\/revisions"}],"predecessor-version":[{"id":14590,"href":"https:\/\/oes.fundacion-sm.org\/pt-br\/wp-json\/wp\/v2\/posts\/14524\/revisions\/14590"}],"wp:featuredmedia":[{"embeddable":true,"href":"https:\/\/oes.fundacion-sm.org\/pt-br\/wp-json\/wp\/v2\/media\/14527"}],"wp:attachment":[{"href":"https:\/\/oes.fundacion-sm.org\/pt-br\/wp-json\/wp\/v2\/media?parent=14524"}],"wp:term":[{"taxonomy":"category","embeddable":true,"href":"https:\/\/oes.fundacion-sm.org\/pt-br\/wp-json\/wp\/v2\/categories?post=14524"},{"taxonomy":"post_tag","embeddable":true,"href":"https:\/\/oes.fundacion-sm.org\/pt-br\/wp-json\/wp\/v2\/tags?post=14524"}],"curies":[{"name":"wp","href":"https:\/\/api.w.org\/{rel}","templated":true}]}}