{"id":15979,"date":"2024-10-08T16:32:06","date_gmt":"2024-10-08T14:32:06","guid":{"rendered":"https:\/\/oes.fundacion-sm.org\/?p=15979"},"modified":"2024-10-08T16:31:32","modified_gmt":"2024-10-08T14:31:32","slug":"a-importancia-da-escuta-para-a-apredizagem-na-educacao-infantil","status":"publish","type":"post","link":"https:\/\/oes.fundacion-sm.org\/pt-br\/eduforics\/reimaginar-juntos-os-futuros\/pedagogia-e-curriculo\/a-importancia-da-escuta-para-a-apredizagem-na-educacao-infantil\/","title":{"rendered":"A import\u00e2ncia da escuta para a apredizagem na Educa\u00e7\u00e3o Infantil"},"content":{"rendered":"\t\t<div data-elementor-type=\"wp-post\" data-elementor-id=\"15979\" class=\"elementor elementor-15979 elementor-15969\" data-elementor-post-type=\"post\">\n\t\t\t\t\t\t<section class=\"elementor-section elementor-top-section elementor-element elementor-element-4b8621b elementor-section-boxed elementor-section-height-default elementor-section-height-default\" data-id=\"4b8621b\" data-element_type=\"section\">\n\t\t\t\t\t\t<div class=\"elementor-container elementor-column-gap-default\">\n\t\t\t\t\t<div class=\"elementor-column elementor-col-100 elementor-top-column elementor-element elementor-element-05dd5e3\" data-id=\"05dd5e3\" data-element_type=\"column\">\n\t\t\t<div class=\"elementor-widget-wrap elementor-element-populated\">\n\t\t\t\t\t\t<div class=\"elementor-element elementor-element-fbde7fb elementor-widget elementor-widget-bloque-texto\" data-id=\"fbde7fb\" data-element_type=\"widget\" data-widget_type=\"bloque-texto.default\">\n\t\t\t\t<div class=\"elementor-widget-container\">\n\t\t\t\t\t<!-- Texto -->\n<section class=\"bloque bloque-texto  \">\n    <div class=\"container\">\n        <div class=\"estrecho2\">\n                        <div class=\"subtitulos\" data-aos=\"fade-left\" data-aos-duration=\"700\"><p>Se incentivarmos os alunos a dialogar, falar e ouvir, e ouvirmos ativamente, contribuiremos para o desenvolvimento da sua autonomia. Facilitamos seu posicionamento e fazemos florescer seu senso cr\u00edtico. Para que isso aconte\u00e7a, o ideal \u00e9 come\u00e7ar na Educa\u00e7\u00e3o Infantil, para que essas compet\u00eancias sejam ancoradas e desenvolvidas ao longo da vida.<\/p><\/div>\n            \n            <div class=\"row\">\n                <div class=\"col-sm-12\">\n                    <div class=\"the_content\" data-aos=\"fade-up\" data-aos-duration=\"700\">\n                        <p>Atualmente temos discutido amplamente sobre o que Paulo Freire chamava de &#8220;pedagogia banc\u00e1ria&#8221;, quando um professor fala em frente a um quadro e os alunos, enfileirados, apenas escutam o que ele tem a dizer. Um modelo ultrapassado, mas que ainda encontra espa\u00e7o para ser reproduzido em 2024.<\/p>\n<p>Na Educa\u00e7\u00e3o Infantil, esse di\u00e1logo tem avan\u00e7ado com mais facilidade, refletindo em algumas mudan\u00e7as. Por exemplo, hoje muitos educadores j\u00e1 entendem que a Educa\u00e7\u00e3o Infantil n\u00e3o \u00e9 uma prepara\u00e7\u00e3o para o Ensino Fundamental, mas sim uma etapa fundante no desenvolvimento das crian\u00e7as.<\/p>\n<p>Por\u00e9m, ainda \u00e9 um desafio no campo educacional colocar em pr\u00e1tica a escuta das crian\u00e7as, seja pelo tempo corrido, pelas altas demandas dos professores, ou por ainda n\u00e3o saberem como o fazer. Parar e escutar, ainda mais nos tempos acelerados em que vivemos, \u00e9 dif\u00edcil. Mas se n\u00e3o paramos e escutamos o que as crian\u00e7as nos dizem, como desenvolver a afetividade, t\u00e3o importante nessa etapa da vida? E como o cognitivo vai se desenvolver sem essa afetividade, t\u00e3o fundamental para se estabelecer uma rela\u00e7\u00e3o de confian\u00e7a e parceria entre aluno-professora?<\/p>\n<h2><strong>A import\u00e2ncia da escuta<\/strong><\/h2>\n<p>Escutar o outro \u00e9 fundamental para se estabelecer rela\u00e7\u00f5es, para se permitir ser afetado pelo que o outro traz e poder retribuir esse afeto. E esse \u201cafetar\u201d pode ser positivo ou negativo. Nesse momento, vale ao adulto leitor se questionar: de que forma estou afetando as crian\u00e7as com que me relaciono? Positiva ou negativamente?<\/p>\n<p>No presente artigo defende-se o afeto positivo, tendo em vista que ele s\u00f3 pode ser alcan\u00e7ado atrav\u00e9s de uma escuta atenta e sens\u00edvel. Essa escuta exige de n\u00f3s, educadores, um novo olhar acerca da inf\u00e2ncia, buscando compreender e valorizar toda a pot\u00eancia da crian\u00e7a.<\/p>\n<p>Paulo Freire defendia uma \u201cpedagogia do di\u00e1logo\u201d e uma \u201cpedagogia da autonomia\u201d. Ambos os conceitos est\u00e3o relacionados. Se as crian\u00e7as s\u00e3o estimuladas ao di\u00e1logo, a falar e escutar, e se s\u00e3o escutadas em toda a sua pot\u00eancia, aos poucos isso possibilita que desenvolvam a sua autonomia. Que consigam se posicionar e fazer florescer o senso cr\u00edtico. Para que isso aconte\u00e7a, o ideal \u00e9 come\u00e7ar na Educa\u00e7\u00e3o Infantil, a base de tudo, para se desenvolver e perpetuar ao longo da vida.<\/p>\n<p>\u00c9 importante ainda dizer que \u201c[&#8230;] sendo o di\u00e1logo uma rela\u00e7\u00e3o eu-tu, \u00e9 necessariamente uma rela\u00e7\u00e3o de dois sujeitos. Toda vez que se converta o \u2018tu\u2019 desta rela\u00e7\u00e3o em mero objeto, se ter\u00e1 pervertido o di\u00e1logo e j\u00e1 n\u00e3o se estar\u00e1 educando, mas deformando. \u201d (Freire, 2019, p. 151). Queremos alunos deformados? A resposta un\u00e2nime provavelmente \u00e9 \u2013 ou deveria ser \u2013 negativa. Queremos educar as nossas crian\u00e7as para a vida, para serem seres pensantes e atuantes, capazes de refletir, questionar, lutar pelo que querem. Crian\u00e7as que saibam ouvir, mas que tamb\u00e9m sejam escutadas porque compreendemos que sua voz tem import\u00e2ncia.<\/p>\n<h2><strong>A escuta e o afeto<\/strong><\/h2>\n<p>Se valorizamos a crian\u00e7a e o que ela nos diz, desenvolvemos a afetividade. Entendo que \u201ca afetividade seria a energia, o que move a a\u00e7\u00e3o [&#8230;]\u201d (La Taille, 2005, p. 79). Se \u00e9 a afetividade que move a a\u00e7\u00e3o, sem ela n\u00e3o existe a\u00e7\u00e3o, portanto n\u00e3o existe aprendizagem. \u00c9 o que defendia tamb\u00e9m Piaget:<\/p>\n<p>\u00c9 indiscut\u00edvel que o afeto tem um papel essencial no funcionamento da intelig\u00eancia. Sem o afeto n\u00e3o haveria nem interesses, nem necessidades, nem motiva\u00e7\u00e3o; em consequ\u00eancia, as interroga\u00e7\u00f5es ou problemas n\u00e3o poderiam ser formulados e n\u00e3o haveria intelig\u00eancia. O afeto \u00e9 uma condi\u00e7\u00e3o necess\u00e1ria para a constitui\u00e7\u00e3o da intelig\u00eancia. [&#8230;] (Piaget, 1994, p. 129).<\/p>\n                    <\/div>\n                <\/div>\n            <\/div>\n        <\/div>\n    <\/div>\n<\/section>\t\t\t\t<\/div>\n\t\t\t\t<\/div>\n\t\t\t\t<div class=\"elementor-element elementor-element-c7b69ea elementor-widget elementor-widget-bloque-cita\" data-id=\"c7b69ea\" data-element_type=\"widget\" data-widget_type=\"bloque-cita.default\">\n\t\t\t\t<div class=\"elementor-widget-container\">\n\t\t\t\t\t<!-- Cita   -->\n<section class=\"bloque bloque-quotes \">\n    <div class=\"container\">\n        <div class=\"row row-cols-auto justify-content-start\">\n            <div class=\"col\">\n                <figure data-aos=\"fade-left\" data-aos-duration=\"700\">\n                    <blockquote class=\"blockquote\">\n                                                <q class=\"subtitulos\">Sem escuta, n\u00e3o h\u00e1 afeto; sem afeto n\u00e3o h\u00e1 aprendizagem.<\/q>\n                    <\/blockquote>\n                                                        <\/figure>\n            <\/div>\n        <\/div>\n    <\/div>\n<\/section>\t\t\t\t<\/div>\n\t\t\t\t<\/div>\n\t\t\t\t<div class=\"elementor-element elementor-element-6de750d elementor-widget elementor-widget-bloque-texto\" data-id=\"6de750d\" data-element_type=\"widget\" data-widget_type=\"bloque-texto.default\">\n\t\t\t\t<div class=\"elementor-widget-container\">\n\t\t\t\t\t<!-- Texto -->\n<section class=\"bloque bloque-texto  \">\n    <div class=\"container\">\n        <div class=\"estrecho2\">\n            \n            <div class=\"row\">\n                <div class=\"col-sm-12\">\n                    <div class=\"the_content\" data-aos=\"fade-up\" data-aos-duration=\"700\">\n                        <p>Dessa forma, escuta, afetividade e intelig\u00eancia est\u00e3o intimamente ligados. Sem escuta, n\u00e3o h\u00e1 afeto, sem afeto n\u00e3o h\u00e1 aprendizagem. Wallon, em sua <a href=\"https:\/\/editorarealize.com.br\/editora\/anais\/conedu\/2018\/TRABALHO_EV117_MD1_SA4_ID392_10092018225535.pdf\" target=\"_blank\" rel=\"noopener\">teoria psicogen\u00e9tica<\/a>, aponta que a afetividade e a intelig\u00eancia est\u00e3o estreitamente relacionadas, de forma que as emo\u00e7\u00f5es v\u00e3o, ao longo do desenvolvimento infantil, possibilitando que o cognitivo se desenvolva e a crian\u00e7a aprenda. Essa ideia da forte rela\u00e7\u00e3o entre afetividade e aprendizagem tamb\u00e9m \u00e9 defendida de alguma maneira por Piaget, Paulo Freire e Vygotsky em suas pesquisas.<\/p>\n<p>Vygotsky ainda destaca a import\u00e2ncia do conv\u00edvio social nessa teia de rela\u00e7\u00f5es. Corroborando com essa informa\u00e7\u00e3o, Yves de La Taille (1992, p.11) diz que \u201c[&#8230;] a intelig\u00eancia humana somente se desenvolve no indiv\u00edduo em fun\u00e7\u00e3o de intera\u00e7\u00f5es sociais que s\u00e3o, em geral, demasiadamente negligenciadas. \u201cMas se sabemos que as intera\u00e7\u00f5es sociais s\u00e3o importantes porque nos ajudam a desenvolver a afetividade e, consequentemente, o cognitivo, n\u00e3o temos motivos para negligenci\u00e1-las. Pelo contr\u00e1rio, devemos valoriz\u00e1-las em nosso discurso, em nossos di\u00e1logos escola-fam\u00edlia e, o mais importante, em nossa pr\u00e1tica di\u00e1ria com as crian\u00e7as.<\/p>\n<p>Vivemos em uma sociedade de \u201crela\u00e7\u00f5es l\u00edquidas\u201d, conceito trazido por Bauman e amplamente difundido nos dias atuais por se encaixar t\u00e3o bem para definir as rela\u00e7\u00f5es superficiais e passageiras que temos constru\u00eddo. Dessa forma, torna-se ainda mais importante estabelecer com as crian\u00e7as desde cedo rela\u00e7\u00f5es onde se tenha confian\u00e7a, parceria, escuta atenta, onde possamos afetar e nos permitir ser afetados, e assim possamos ter aprendizagens coletivas significativas.<\/p>\n<h2><strong>A escuta do sil\u00eancio das crian\u00e7as<\/strong><\/h2>\n<p>No caso da Educa\u00e7\u00e3o Infantil, surge uma quest\u00e3o: como escutar toda a complexidade das crian\u00e7as se elas muitas vezes n\u00e3o verbalizam as suas necessidades? Crian\u00e7as podem ainda n\u00e3o saber falar ou n\u00e3o saber como falar aquilo que querem. Entra a\u00ed o papel fundamental das educadoras: a escuta do sil\u00eancio. Que perpassa pela escuta dos olhares, dos gestos, das express\u00f5es, da subjetividade do n\u00e3o dito.<\/p>\n<p>Sendo assim, entendemos a escuta \u201c[&#8230;] como met\u00e1fora da disponibilidade, da sensibilidade para escutar e ser escutado; escuta n\u00e3o s\u00f3 com a audi\u00e7\u00e3o, mas com todos os sentidos: vis\u00e3o, tato, olfato, paladar, orienta\u00e7\u00e3o. \u201d (Rinaldi, 2014, p. 82). Escutar com todos os sentidos e tamb\u00e9m todas as linguagens pelas quais as crian\u00e7as se expressam pressup\u00f5e um olhar cuidadoso e atento. Essa forma de educar vai de encontro com o mundo acelerado e superficial em que vivemos e busca um respiro, uma pausa, uma desacelera\u00e7\u00e3o para estar verdadeiramente presente.<\/p>\n                    <\/div>\n                <\/div>\n            <\/div>\n        <\/div>\n    <\/div>\n<\/section>\t\t\t\t<\/div>\n\t\t\t\t<\/div>\n\t\t\t\t<div class=\"elementor-element elementor-element-452bf76 elementor-widget elementor-widget-bloque-cita\" data-id=\"452bf76\" data-element_type=\"widget\" data-widget_type=\"bloque-cita.default\">\n\t\t\t\t<div class=\"elementor-widget-container\">\n\t\t\t\t\t<!-- Cita   -->\n<section class=\"bloque bloque-quotes \">\n    <div class=\"container\">\n        <div class=\"row row-cols-auto justify-content-start\">\n            <div class=\"col\">\n                <figure data-aos=\"fade-left\" data-aos-duration=\"700\">\n                    <blockquote class=\"blockquote\">\n                                                <q class=\"subtitulos\">As crian\u00e7as merecem ser escutadas em toda sua complexidade.<\/q>\n                    <\/blockquote>\n                                                        <\/figure>\n            <\/div>\n        <\/div>\n    <\/div>\n<\/section>\t\t\t\t<\/div>\n\t\t\t\t<\/div>\n\t\t\t\t<div class=\"elementor-element elementor-element-3369f48 elementor-widget elementor-widget-bloque-texto\" data-id=\"3369f48\" data-element_type=\"widget\" data-widget_type=\"bloque-texto.default\">\n\t\t\t\t<div class=\"elementor-widget-container\">\n\t\t\t\t\t<!-- Texto -->\n<section class=\"bloque bloque-texto  \">\n    <div class=\"container\">\n        <div class=\"estrecho2\">\n            \n            <div class=\"row\">\n                <div class=\"col-sm-12\">\n                    <div class=\"the_content\" data-aos=\"fade-up\" data-aos-duration=\"700\">\n                        <p>Entendemos que falar sobre isso envolve muita subjetividade, mas n\u00e3o poderia ser de outra forma, porque o ser humano \u00e9 subjetivo. As crian\u00e7as, em especial, merecem ser escutadas em toda sua complexidade. N\u00e3o adianta continuarmos insistindo numa educa\u00e7\u00e3o tradicional, objetiva, que trata todos como iguais e valoriza a repeti\u00e7\u00e3o e a memoriza\u00e7\u00e3o descontextualizada. Cada crian\u00e7a \u00e9 um ser \u00fanico que precisa ser ouvido e levado em conta em suas necessidades espec\u00edficas.<\/p>\n<p>Se queremos que as crian\u00e7as se tornem adultos pensantes, cr\u00edticos e atuantes na sociedade, temos que desde a primeir\u00edssima inf\u00e2ncia mostr\u00e1-las que s\u00e3o capazes. E isso se consegue nas miudezas, nos m\u00ednimos detalhes.<\/p>\n<p>Come\u00e7a, por exemplo, desde a organiza\u00e7\u00e3o pr\u00e9via do espa\u00e7o. A educadora pensa em diversos materiais e os organiza para a explora\u00e7\u00e3o de diversas formas, o que possibilita que cada crian\u00e7a escolha por qual caminho seguir. Estimula assim a autonomia e n\u00e3o faz pelas crian\u00e7as o que elas mesmas podem fazer. Perpassa tamb\u00e9m por um acompanhamento da educadora, que pode aparecer num olhar gentil ap\u00f3s ver uma crian\u00e7a realizar uma a\u00e7\u00e3o positiva. Ou numa fala de valoriza\u00e7\u00e3o ap\u00f3s uma dificuldade superada. Est\u00e1 tamb\u00e9m na avalia\u00e7\u00e3o processual, que deve levar em conta o que a crian\u00e7a j\u00e1 alcan\u00e7ou e todas as suas potencialidades e deve reverberar no planejamento de novas a\u00e7\u00f5es pedag\u00f3gicas que ajudem a crian\u00e7a a ir al\u00e9m.<\/p>\n<p>Tudo isso n\u00e3o necessariamente envolve a oralidade. Em alguns momentos ela pode aparecer \u2013 por parte da educadora ou das crian\u00e7as \u2013 em outros canais. Basta um olhar, um gesto, um toque, uma pintura, uma brincadeira, uma m\u00fasica&#8230;s\u00e3o tantas as possibilidades! O importante \u00e9 entender que a crian\u00e7a vai nos dizer coisas de diferentes maneiras e n\u00f3s educadores precisamos estar preparados para escut\u00e1-las nessa diversidade, com muito afeto, cuidado e aten\u00e7\u00e3o.<\/p>\n<h2><strong>Considera\u00e7\u00f5es finais<\/strong><\/h2>\n<p>Por tudo o que foi apresentado, entendemos que escuta, afetividade e cogni\u00e7\u00e3o s\u00e3o conceitos intimamente relacionados e muito importantes para o desenvolvimento infantil. A partir das discuss\u00f5es trazidas por Paulo Freire, Carla Rinaldi, Yves de La Taille, Piaget, Wallon e Vygostky, podemos pensar num esquema simplificado e objetivo que nos ajuda a entender a import\u00e2ncia da escuta afetiva para a aprendizagem:<\/p>\n<p style=\"text-align: center\"><strong>Escuta \u21d2 afetividade \u21d2 cogni\u00e7\u00e3o (aprendizagem)<\/strong><\/p>\n<p>Sendo assim, se precis\u00e1ssemos de uma justificativa objetiva para a import\u00e2ncia da escuta na Educa\u00e7\u00e3o Infantil, poder\u00edamos dizer que \u00e9 importante escutar as crian\u00e7as de uma forma sens\u00edvel porque isso impacta na afetividade positiva e, consequentemente, no desenvolvimento da aprendizagem.<\/p>\n<p>Conclui-se que \u00e9 necess\u00e1rio que esse di\u00e1logo apare\u00e7a com mais frequ\u00eancia, especialmente entre profissionais da educa\u00e7\u00e3o e entre fam\u00edlias e adultos que contribuem para a educa\u00e7\u00e3o de crian\u00e7as. E, ainda mais importante que a teoria, \u00e9 preciso que vejamos reflexos da valoriza\u00e7\u00e3o da escuta na pr\u00e1tica di\u00e1ria. Se conseguirmos isso na Educa\u00e7\u00e3o Infantil, teremos crian\u00e7as afetadas positivamente e por isso motivadas, saud\u00e1veis, equilibradas emocionalmente e mais inteligentes, j\u00e1 que vimos ao longo de todo esse percurso que tudo isso est\u00e1 relacionado.<\/p>\n<hr \/>\n<p style=\"text-align: right\"><em><strong>Vanessa Fr\u00f3es Bastos<\/strong> \u00e9 pedagoga e atua como professora na cidade de Salvador (BA). \u00c9 graduada em Pedagogia (UFBA) e p\u00f3s-graduada em Psicopedagogia (UNIFACS). Desenvolveu pesquisas atrav\u00e9s do PIBIC-UFBA sobre o uso de jogos e materiais pedag\u00f3gicos na alfabetiza\u00e7\u00e3o e educa\u00e7\u00e3o infantil. Atualmente tem desenvolvido pesquisas nos campos da avalia\u00e7\u00e3o da aprendizagem e educa\u00e7\u00e3o infantil. Participou do Projeto Aula GO da Funda\u00e7\u00e3o SM, sendo uma das jovens a desenvolver um projeto para uma escola no M\u00e9xico com foco na resolu\u00e7\u00e3o de conflitos e conviv\u00eancia pac\u00edfica.<\/em><\/p>\n<p>\u00a0<\/p>\n<h2><strong>Refer\u00eancias<\/strong><\/h2>\n<ul>\n<li>BAUMAN, Zygmunt (2001). <em>Modernidade l\u00edquida<\/em>. Rio de Janeiro: Jorge Zahar Editor.<\/li>\n<li>DE LA TAILLE, Yves (2005). <em>Desenvolvimento do ju\u00edzo moral<\/em>. In: <em>Cole\u00e7\u00e3o Mem\u00f3ria da Pedagogia: Jean Piaget<\/em>. Rio de Janeiro: Ediouro; S\u00e3o Paulo: Segmento-Dueto, v. 11.<\/li>\n<li>DE LA TAILLE, Yves; KOHL DE OLIVEIRA, Marta; DANTAS, Heloysa (1992). <em>Piaget, Vygotsky, Wallon. Teorias PsicoGen\u00e9ticas Em Discuss\u00e3o<\/em> (25.\u00aa edi\u00e7\u00e3o). S\u00e3o Paulo: Summus.<\/li>\n<li>FREIRE, Paulo (2019). <em>Pedagogia da autonomia: saberes necess\u00e1rios \u00e0 pr\u00e1tica educativa <\/em>(59\u00aa ed). Rio de Janeiro-S\u00e3o Paulo: Paz e Terra.<\/li>\n<li>PIAGET, Jean (1994). <em>O ju\u00edzo moral na crian\u00e7a<\/em>. Tradu\u00e7\u00e3o de Elzon L. (2.\u00aa ed.). S\u00e3o Paulo: Summus.<\/li>\n<li>RINALDI, Carla (2014). <em>Documenta\u00e7\u00e3o e avalia\u00e7\u00e3o: qual a rela\u00e7\u00e3o?<\/em> In: <em>ZERO, Project. Tornando vis\u00edvel a aprendizagem: crian\u00e7as que aprendem individualmente e em grupo.<\/em> Tradu\u00e7\u00e3o: Tha\u00eds Helena Bonini. (1.\u00aa ed.). S\u00e3o Paulo: Phorte.<\/li>\n<\/ul>\n<p>\u00a0<\/p>\n                    <\/div>\n                <\/div>\n            <\/div>\n        <\/div>\n    <\/div>\n<\/section>\t\t\t\t<\/div>\n\t\t\t\t<\/div>\n\t\t\t\t<div class=\"elementor-element elementor-element-65fbd67 elementor-widget elementor-widget-bloque-blog-2\" data-id=\"65fbd67\" data-element_type=\"widget\" data-widget_type=\"bloque-blog-2.default\">\n\t\t\t\t<div class=\"elementor-widget-container\">\n\t\t\t\t\t\n\n<!-- Bloque Blog -->\n<div class=\"container\">\n    <div class=\"row titulo-con-enlace\">\n        <div class=\"col-12\">\n            <h2 class=\"titulos\" data-aos=\"fade-left\" data-aos-duration=\"700\">Postagens relacionadas<\/h2>                        <a href=\"https:\/\/oes.fundacion-sm.org\/eduforics\/\" data-aos=\"fade-right\" data-aos-duration=\"700\" class=\"enlace btn-arrow\" title=\"Ver mais\"><span>Ver mais<\/span><\/a>\n                    <\/div>\n    <\/div>\n<\/div>\n<section class=\"bloque bloque-blog bloqueyutjtirjkl  diseno-eduforics \">\n    <div class=\"container\">\n        <div class=\"background  \">\n            <div class=\"estrecho\">\n                <div class=\"row ultimas\">\n                                                            <div class=\"col-12 col-sm-6 d-flex align-items-stretch\" data-aos=\"fade-up\" data-aos-delay=\"200\" data-aos-duration=\"700\">\n                                    <a class=\"noticia \" href=\"https:\/\/oes.fundacion-sm.org\/pt-br\/eduforics\/educacao-inclusiva-e-de-qualidade\/educacao-desenvolvimento-sustentavel\/o-dia-mundial-da-mae-terra-a-educacao-pode-ajudar-a-humanidade-a-alcancar-a-paz-com-o-planeta\/\">\n    <div class=\"image\">\n        <img fetchpriority=\"high\" decoding=\"async\" width=\"890\" height=\"560\" src=\"https:\/\/oes.fundacion-sm.org\/wp-content\/uploads\/sites\/14\/2026\/04\/Artemis_NASA-890x560.png\" class=\"img-fluid wp-post-image\" alt=\"\" srcset=\"https:\/\/oes.fundacion-sm.org\/wp-content\/uploads\/sites\/14\/2026\/04\/Artemis_NASA-890x560.png 890w, https:\/\/oes.fundacion-sm.org\/wp-content\/uploads\/sites\/14\/2026\/04\/Artemis_NASA-300x189.png 300w, https:\/\/oes.fundacion-sm.org\/wp-content\/uploads\/sites\/14\/2026\/04\/Artemis_NASA-1024x644.png 1024w, https:\/\/oes.fundacion-sm.org\/wp-content\/uploads\/sites\/14\/2026\/04\/Artemis_NASA-768x483.png 768w, https:\/\/oes.fundacion-sm.org\/wp-content\/uploads\/sites\/14\/2026\/04\/Artemis_NASA-1056x664.png 1056w, https:\/\/oes.fundacion-sm.org\/wp-content\/uploads\/sites\/14\/2026\/04\/Artemis_NASA.png 1200w\" sizes=\"(max-width: 890px) 100vw, 890px\" \/>    <\/div>\n    <div class=\"datos\">\n        <div class=\"categoria\">Educa\u00e7\u00e3o para o desenvolvimento sustent\u00e1vel<\/div>\n        <h3 class=\"subtitulos\">O Dia Mundial da M\u00e3e Terra: a educa\u00e7\u00e3o pode ajudar a humanidade a alcan\u00e7ar a paz com o planeta<\/h3>\n                <div class=\"autor\">Por <em>Humberto Herrera Contreras<\/em><\/div>\n            <\/div>\n<\/a>                                    <\/div>\n                                                                    <div class=\"col-12 col-sm-6 d-flex align-items-stretch\" data-aos=\"fade-up\" data-aos-delay=\"500\" data-aos-duration=\"700\">\n                                    <a class=\"noticia \" href=\"https:\/\/oes.fundacion-sm.org\/pt-br\/eduforics\/educacao-inclusiva-e-de-qualidade\/educacao-desenvolvimento-sustentavel\/alfabetizacao-ecologica-possibilidades-para-superar-os-limites-do-planeta\/\">\n    <div class=\"image\">\n        <img decoding=\"async\" width=\"890\" height=\"560\" src=\"https:\/\/oes.fundacion-sm.org\/wp-content\/uploads\/sites\/14\/2026\/04\/Ecologia-1151886550-890x560.png\" class=\"img-fluid wp-post-image\" alt=\"\" srcset=\"https:\/\/oes.fundacion-sm.org\/wp-content\/uploads\/sites\/14\/2026\/04\/Ecologia-1151886550-890x560.png 890w, https:\/\/oes.fundacion-sm.org\/wp-content\/uploads\/sites\/14\/2026\/04\/Ecologia-1151886550-300x189.png 300w, https:\/\/oes.fundacion-sm.org\/wp-content\/uploads\/sites\/14\/2026\/04\/Ecologia-1151886550-1024x644.png 1024w, https:\/\/oes.fundacion-sm.org\/wp-content\/uploads\/sites\/14\/2026\/04\/Ecologia-1151886550-768x483.png 768w, https:\/\/oes.fundacion-sm.org\/wp-content\/uploads\/sites\/14\/2026\/04\/Ecologia-1151886550-1056x664.png 1056w, https:\/\/oes.fundacion-sm.org\/wp-content\/uploads\/sites\/14\/2026\/04\/Ecologia-1151886550.png 1200w\" sizes=\"(max-width: 890px) 100vw, 890px\" \/>    <\/div>\n    <div class=\"datos\">\n        <div class=\"categoria\">Educa\u00e7\u00e3o para o desenvolvimento sustent\u00e1vel<\/div>\n        <h3 class=\"subtitulos\">Alfabetiza\u00e7\u00e3o Ecol\u00f3gica: possibilidades para superar os limites do planeta<\/h3>\n                <div class=\"autor\">Por <em>Cl\u00e1udia Chesini<\/em><\/div>\n            <\/div>\n<\/a>                                    <\/div>\n                                                <\/div>\n            <\/div>\n        <\/div>\n    <\/div>\n<\/section>\n\n\t\t\t\t<\/div>\n\t\t\t\t<\/div>\n\t\t\t\t\t<\/div>\n\t\t<\/div>\n\t\t\t\t\t<\/div>\n\t\t<\/section>\n\t\t\t\t<\/div>\n\t\t","protected":false},"excerpt":{"rendered":"<p>Se incentivarmos os alunos a dialogar, falar e ouvir, e ouvirmos ativamente, contribuiremos para o desenvolvimento da sua autonomia. Facilitamos seu posicionamento e fazemos florescer seu senso cr\u00edtico. Para que isso aconte\u00e7a, o ideal \u00e9 come\u00e7ar na Educa\u00e7\u00e3o Infantil, para que essas compet\u00eancias sejam ancoradas e desenvolvidas ao longo da vida. Atualmente temos discutido amplamente [&hellip;]<\/p>\n","protected":false},"author":8,"featured_media":15971,"comment_status":"closed","ping_status":"closed","sticky":false,"template":"","format":"standard","meta":{"_acf_changed":false,"footnotes":""},"categories":[36,67],"tags":[],"class_list":["post-15979","post","type-post","status-publish","format-standard","has-post-thumbnail","hentry","category-eduforics","category-pedagogia-e-curriculo"],"acf":[],"yoast_head":"<!-- This site is optimized with the Yoast SEO plugin v26.7 - https:\/\/yoast.com\/wordpress\/plugins\/seo\/ -->\n<title>A import\u00e2ncia da escuta para a apredizagem na Educa\u00e7\u00e3o Infantil - Eduforics - Observat\u00f3rio da escola na Ibero-Am\u00e9rica (OES)<\/title>\n<meta name=\"description\" content=\"Se incentivarmos os alunos a dialogar, falar e ouvir, e ouvirmos ativamente, contribuiremos para o desenvolvimento da sua autonomia. Facilitamos seu\" \/>\n<meta name=\"robots\" content=\"index, follow, max-snippet:-1, max-image-preview:large, max-video-preview:-1\" \/>\n<link rel=\"canonical\" href=\"https:\/\/oes.fundacion-sm.org\/pt-br\/eduforics\/reimaginar-juntos-os-futuros\/pedagogia-e-curriculo\/a-importancia-da-escuta-para-a-apredizagem-na-educacao-infantil\/\" \/>\n<meta property=\"og:locale\" content=\"pt_BR\" \/>\n<meta property=\"og:type\" content=\"article\" \/>\n<meta property=\"og:title\" content=\"A import\u00e2ncia da escuta para a apredizagem na Educa\u00e7\u00e3o Infantil - Observat\u00f3rio da escola na Ibero-Am\u00e9rica (OES)\" \/>\n<meta property=\"og:description\" content=\"Se incentivarmos os alunos a dialogar, falar e ouvir, e ouvirmos ativamente, contribuiremos para o desenvolvimento da sua autonomia. Facilitamos seu\" \/>\n<meta property=\"og:url\" content=\"https:\/\/oes.fundacion-sm.org\/pt-br\/eduforics\/reimaginar-juntos-os-futuros\/pedagogia-e-curriculo\/a-importancia-da-escuta-para-a-apredizagem-na-educacao-infantil\/\" \/>\n<meta property=\"og:site_name\" content=\"Observat\u00f3rio da escola na Ibero-Am\u00e9rica (OES)\" \/>\n<meta property=\"article:published_time\" content=\"2024-10-08T14:32:06+00:00\" \/>\n<meta property=\"og:image\" content=\"https:\/\/oes.fundacion-sm.org\/wp-content\/uploads\/sites\/14\/2024\/10\/Escucha_EI-1495356136.jpg\" \/>\n\t<meta property=\"og:image:width\" content=\"1200\" \/>\n\t<meta property=\"og:image:height\" content=\"755\" \/>\n\t<meta property=\"og:image:type\" content=\"image\/jpeg\" \/>\n<meta name=\"author\" content=\"augusto.ibanez@colex.grupo-sm.com\" \/>\n<meta name=\"twitter:card\" content=\"summary_large_image\" \/>\n<meta name=\"twitter:label1\" content=\"Escrito por\" \/>\n\t<meta name=\"twitter:data1\" content=\"augusto.ibanez@colex.grupo-sm.com\" \/>\n\t<meta name=\"twitter:label2\" content=\"Est. tempo de leitura\" \/>\n\t<meta name=\"twitter:data2\" content=\"11 minutos\" \/>\n<script type=\"application\/ld+json\" class=\"yoast-schema-graph\">{\"@context\":\"https:\/\/schema.org\",\"@graph\":[{\"@type\":\"Article\",\"@id\":\"https:\/\/oes.fundacion-sm.org\/pt-br\/eduforics\/reimaginar-juntos-os-futuros\/pedagogia-e-curriculo\/a-importancia-da-escuta-para-a-apredizagem-na-educacao-infantil\/#article\",\"isPartOf\":{\"@id\":\"https:\/\/oes.fundacion-sm.org\/pt-br\/eduforics\/reimaginar-juntos-os-futuros\/pedagogia-e-curriculo\/a-importancia-da-escuta-para-a-apredizagem-na-educacao-infantil\/\"},\"author\":{\"name\":\"augusto.ibanez@colex.grupo-sm.com\",\"@id\":\"https:\/\/oes.fundacion-sm.org\/pt-br\/#\/schema\/person\/70b96ded1131a24f5e350d4bb3407aa2\"},\"headline\":\"A import\u00e2ncia da escuta para a apredizagem na Educa\u00e7\u00e3o Infantil\",\"datePublished\":\"2024-10-08T14:32:06+00:00\",\"mainEntityOfPage\":{\"@id\":\"https:\/\/oes.fundacion-sm.org\/pt-br\/eduforics\/reimaginar-juntos-os-futuros\/pedagogia-e-curriculo\/a-importancia-da-escuta-para-a-apredizagem-na-educacao-infantil\/\"},\"wordCount\":1983,\"publisher\":{\"@id\":\"https:\/\/oes.fundacion-sm.org\/pt-br\/#organization\"},\"image\":{\"@id\":\"https:\/\/oes.fundacion-sm.org\/pt-br\/eduforics\/reimaginar-juntos-os-futuros\/pedagogia-e-curriculo\/a-importancia-da-escuta-para-a-apredizagem-na-educacao-infantil\/#primaryimage\"},\"thumbnailUrl\":\"https:\/\/oes.fundacion-sm.org\/wp-content\/uploads\/sites\/14\/2024\/10\/Escucha_EI-1495356136.jpg\",\"articleSection\":[\"EDUforics\",\"Pedagogia e curr\u00edculo\"],\"inLanguage\":\"pt-BR\"},{\"@type\":\"WebPage\",\"@id\":\"https:\/\/oes.fundacion-sm.org\/pt-br\/eduforics\/reimaginar-juntos-os-futuros\/pedagogia-e-curriculo\/a-importancia-da-escuta-para-a-apredizagem-na-educacao-infantil\/\",\"url\":\"https:\/\/oes.fundacion-sm.org\/pt-br\/eduforics\/reimaginar-juntos-os-futuros\/pedagogia-e-curriculo\/a-importancia-da-escuta-para-a-apredizagem-na-educacao-infantil\/\",\"name\":\"A import\u00e2ncia da escuta para a apredizagem na Educa\u00e7\u00e3o Infantil - Observat\u00f3rio da escola na Ibero-Am\u00e9rica (OES)\",\"isPartOf\":{\"@id\":\"https:\/\/oes.fundacion-sm.org\/pt-br\/#website\"},\"primaryImageOfPage\":{\"@id\":\"https:\/\/oes.fundacion-sm.org\/pt-br\/eduforics\/reimaginar-juntos-os-futuros\/pedagogia-e-curriculo\/a-importancia-da-escuta-para-a-apredizagem-na-educacao-infantil\/#primaryimage\"},\"image\":{\"@id\":\"https:\/\/oes.fundacion-sm.org\/pt-br\/eduforics\/reimaginar-juntos-os-futuros\/pedagogia-e-curriculo\/a-importancia-da-escuta-para-a-apredizagem-na-educacao-infantil\/#primaryimage\"},\"thumbnailUrl\":\"https:\/\/oes.fundacion-sm.org\/wp-content\/uploads\/sites\/14\/2024\/10\/Escucha_EI-1495356136.jpg\",\"datePublished\":\"2024-10-08T14:32:06+00:00\",\"description\":\"Se incentivarmos os alunos a dialogar, falar e ouvir, e ouvirmos ativamente, contribuiremos para o desenvolvimento da sua autonomia. Facilitamos seu\",\"breadcrumb\":{\"@id\":\"https:\/\/oes.fundacion-sm.org\/pt-br\/eduforics\/reimaginar-juntos-os-futuros\/pedagogia-e-curriculo\/a-importancia-da-escuta-para-a-apredizagem-na-educacao-infantil\/#breadcrumb\"},\"inLanguage\":\"pt-BR\",\"potentialAction\":[{\"@type\":\"ReadAction\",\"target\":[\"https:\/\/oes.fundacion-sm.org\/pt-br\/eduforics\/reimaginar-juntos-os-futuros\/pedagogia-e-curriculo\/a-importancia-da-escuta-para-a-apredizagem-na-educacao-infantil\/\"]}]},{\"@type\":\"ImageObject\",\"inLanguage\":\"pt-BR\",\"@id\":\"https:\/\/oes.fundacion-sm.org\/pt-br\/eduforics\/reimaginar-juntos-os-futuros\/pedagogia-e-curriculo\/a-importancia-da-escuta-para-a-apredizagem-na-educacao-infantil\/#primaryimage\",\"url\":\"https:\/\/oes.fundacion-sm.org\/wp-content\/uploads\/sites\/14\/2024\/10\/Escucha_EI-1495356136.jpg\",\"contentUrl\":\"https:\/\/oes.fundacion-sm.org\/wp-content\/uploads\/sites\/14\/2024\/10\/Escucha_EI-1495356136.jpg\",\"width\":1200,\"height\":755,\"caption\":\"Escuta, afetividade e intelig\u00eancia est\u00e3o intimamente ligadas: sem escuta n\u00e3o h\u00e1 afeto e sem afeto n\u00e3o h\u00e1 aprendizagem (imagem: iStock).\"},{\"@type\":\"BreadcrumbList\",\"@id\":\"https:\/\/oes.fundacion-sm.org\/pt-br\/eduforics\/reimaginar-juntos-os-futuros\/pedagogia-e-curriculo\/a-importancia-da-escuta-para-a-apredizagem-na-educacao-infantil\/#breadcrumb\",\"itemListElement\":[{\"@type\":\"ListItem\",\"position\":1,\"name\":\"Inicio\",\"item\":\"https:\/\/oes.fundacion-sm.org\/pt-br\/\"},{\"@type\":\"ListItem\",\"position\":2,\"name\":\"EDUforics\",\"item\":\"https:\/\/oes.fundacion-sm.org\/pt-br\/eduforics\/\"},{\"@type\":\"ListItem\",\"position\":3,\"name\":\"Reimaginar juntos os futuros\",\"item\":\"https:\/\/oes.fundacion-sm.org\/pt-br\/eduforics\/reimaginar-juntos-os-futuros\/\"},{\"@type\":\"ListItem\",\"position\":4,\"name\":\"Pedagogia e curr\u00edculo\",\"item\":\"https:\/\/oes.fundacion-sm.org\/pt-br\/eduforics\/reimaginar-juntos-os-futuros\/pedagogia-e-curriculo\/\"},{\"@type\":\"ListItem\",\"position\":5,\"name\":\"A import\u00e2ncia da escuta para a apredizagem na Educa\u00e7\u00e3o Infantil\"}]},{\"@type\":\"WebSite\",\"@id\":\"https:\/\/oes.fundacion-sm.org\/pt-br\/#website\",\"url\":\"https:\/\/oes.fundacion-sm.org\/pt-br\/\",\"name\":\"Observat\u00f3rio da escola na Ibero-Am\u00e9rica (OES)\",\"description\":\"Funda\u00e7\u00e3o SM\",\"publisher\":{\"@id\":\"https:\/\/oes.fundacion-sm.org\/pt-br\/#organization\"},\"alternateName\":\"OES\",\"potentialAction\":[{\"@type\":\"SearchAction\",\"target\":{\"@type\":\"EntryPoint\",\"urlTemplate\":\"https:\/\/oes.fundacion-sm.org\/pt-br\/?s={search_term_string}\"},\"query-input\":{\"@type\":\"PropertyValueSpecification\",\"valueRequired\":true,\"valueName\":\"search_term_string\"}}],\"inLanguage\":\"pt-BR\"},{\"@type\":\"Organization\",\"@id\":\"https:\/\/oes.fundacion-sm.org\/pt-br\/#organization\",\"name\":\"Fundaci\u00f3n SM\",\"url\":\"https:\/\/oes.fundacion-sm.org\/pt-br\/\",\"logo\":{\"@type\":\"ImageObject\",\"inLanguage\":\"pt-BR\",\"@id\":\"https:\/\/oes.fundacion-sm.org\/pt-br\/#\/schema\/logo\/image\/\",\"url\":\"https:\/\/oes.fundacion-sm.org\/wp-content\/uploads\/sites\/14\/2023\/10\/logotipo-fundacion-sm.png\",\"contentUrl\":\"https:\/\/oes.fundacion-sm.org\/wp-content\/uploads\/sites\/14\/2023\/10\/logotipo-fundacion-sm.png\",\"width\":447,\"height\":85,\"caption\":\"Fundaci\u00f3n SM\"},\"image\":{\"@id\":\"https:\/\/oes.fundacion-sm.org\/pt-br\/#\/schema\/logo\/image\/\"}},{\"@type\":\"Person\",\"@id\":\"https:\/\/oes.fundacion-sm.org\/pt-br\/#\/schema\/person\/70b96ded1131a24f5e350d4bb3407aa2\",\"name\":\"augusto.ibanez@colex.grupo-sm.com\"}]}<\/script>\n<!-- \/ Yoast SEO plugin. -->","yoast_head_json":{"title":"A import\u00e2ncia da escuta para a apredizagem na Educa\u00e7\u00e3o Infantil - Eduforics - Observat\u00f3rio da escola na Ibero-Am\u00e9rica (OES)","description":"Se incentivarmos os alunos a dialogar, falar e ouvir, e ouvirmos ativamente, contribuiremos para o desenvolvimento da sua autonomia. Facilitamos seu","robots":{"index":"index","follow":"follow","max-snippet":"max-snippet:-1","max-image-preview":"max-image-preview:large","max-video-preview":"max-video-preview:-1"},"canonical":"https:\/\/oes.fundacion-sm.org\/pt-br\/eduforics\/reimaginar-juntos-os-futuros\/pedagogia-e-curriculo\/a-importancia-da-escuta-para-a-apredizagem-na-educacao-infantil\/","og_locale":"pt_BR","og_type":"article","og_title":"A import\u00e2ncia da escuta para a apredizagem na Educa\u00e7\u00e3o Infantil - Observat\u00f3rio da escola na Ibero-Am\u00e9rica (OES)","og_description":"Se incentivarmos os alunos a dialogar, falar e ouvir, e ouvirmos ativamente, contribuiremos para o desenvolvimento da sua autonomia. Facilitamos seu","og_url":"https:\/\/oes.fundacion-sm.org\/pt-br\/eduforics\/reimaginar-juntos-os-futuros\/pedagogia-e-curriculo\/a-importancia-da-escuta-para-a-apredizagem-na-educacao-infantil\/","og_site_name":"Observat\u00f3rio da escola na Ibero-Am\u00e9rica (OES)","article_published_time":"2024-10-08T14:32:06+00:00","og_image":[{"width":1200,"height":755,"url":"https:\/\/oes.fundacion-sm.org\/wp-content\/uploads\/sites\/14\/2024\/10\/Escucha_EI-1495356136.jpg","type":"image\/jpeg"}],"author":"augusto.ibanez@colex.grupo-sm.com","twitter_card":"summary_large_image","twitter_misc":{"Escrito por":"augusto.ibanez@colex.grupo-sm.com","Est. tempo de leitura":"11 minutos"},"schema":{"@context":"https:\/\/schema.org","@graph":[{"@type":"Article","@id":"https:\/\/oes.fundacion-sm.org\/pt-br\/eduforics\/reimaginar-juntos-os-futuros\/pedagogia-e-curriculo\/a-importancia-da-escuta-para-a-apredizagem-na-educacao-infantil\/#article","isPartOf":{"@id":"https:\/\/oes.fundacion-sm.org\/pt-br\/eduforics\/reimaginar-juntos-os-futuros\/pedagogia-e-curriculo\/a-importancia-da-escuta-para-a-apredizagem-na-educacao-infantil\/"},"author":{"name":"augusto.ibanez@colex.grupo-sm.com","@id":"https:\/\/oes.fundacion-sm.org\/pt-br\/#\/schema\/person\/70b96ded1131a24f5e350d4bb3407aa2"},"headline":"A import\u00e2ncia da escuta para a apredizagem na Educa\u00e7\u00e3o Infantil","datePublished":"2024-10-08T14:32:06+00:00","mainEntityOfPage":{"@id":"https:\/\/oes.fundacion-sm.org\/pt-br\/eduforics\/reimaginar-juntos-os-futuros\/pedagogia-e-curriculo\/a-importancia-da-escuta-para-a-apredizagem-na-educacao-infantil\/"},"wordCount":1983,"publisher":{"@id":"https:\/\/oes.fundacion-sm.org\/pt-br\/#organization"},"image":{"@id":"https:\/\/oes.fundacion-sm.org\/pt-br\/eduforics\/reimaginar-juntos-os-futuros\/pedagogia-e-curriculo\/a-importancia-da-escuta-para-a-apredizagem-na-educacao-infantil\/#primaryimage"},"thumbnailUrl":"https:\/\/oes.fundacion-sm.org\/wp-content\/uploads\/sites\/14\/2024\/10\/Escucha_EI-1495356136.jpg","articleSection":["EDUforics","Pedagogia e curr\u00edculo"],"inLanguage":"pt-BR"},{"@type":"WebPage","@id":"https:\/\/oes.fundacion-sm.org\/pt-br\/eduforics\/reimaginar-juntos-os-futuros\/pedagogia-e-curriculo\/a-importancia-da-escuta-para-a-apredizagem-na-educacao-infantil\/","url":"https:\/\/oes.fundacion-sm.org\/pt-br\/eduforics\/reimaginar-juntos-os-futuros\/pedagogia-e-curriculo\/a-importancia-da-escuta-para-a-apredizagem-na-educacao-infantil\/","name":"A import\u00e2ncia da escuta para a apredizagem na Educa\u00e7\u00e3o Infantil - Observat\u00f3rio da escola na Ibero-Am\u00e9rica (OES)","isPartOf":{"@id":"https:\/\/oes.fundacion-sm.org\/pt-br\/#website"},"primaryImageOfPage":{"@id":"https:\/\/oes.fundacion-sm.org\/pt-br\/eduforics\/reimaginar-juntos-os-futuros\/pedagogia-e-curriculo\/a-importancia-da-escuta-para-a-apredizagem-na-educacao-infantil\/#primaryimage"},"image":{"@id":"https:\/\/oes.fundacion-sm.org\/pt-br\/eduforics\/reimaginar-juntos-os-futuros\/pedagogia-e-curriculo\/a-importancia-da-escuta-para-a-apredizagem-na-educacao-infantil\/#primaryimage"},"thumbnailUrl":"https:\/\/oes.fundacion-sm.org\/wp-content\/uploads\/sites\/14\/2024\/10\/Escucha_EI-1495356136.jpg","datePublished":"2024-10-08T14:32:06+00:00","description":"Se incentivarmos os alunos a dialogar, falar e ouvir, e ouvirmos ativamente, contribuiremos para o desenvolvimento da sua autonomia. Facilitamos seu","breadcrumb":{"@id":"https:\/\/oes.fundacion-sm.org\/pt-br\/eduforics\/reimaginar-juntos-os-futuros\/pedagogia-e-curriculo\/a-importancia-da-escuta-para-a-apredizagem-na-educacao-infantil\/#breadcrumb"},"inLanguage":"pt-BR","potentialAction":[{"@type":"ReadAction","target":["https:\/\/oes.fundacion-sm.org\/pt-br\/eduforics\/reimaginar-juntos-os-futuros\/pedagogia-e-curriculo\/a-importancia-da-escuta-para-a-apredizagem-na-educacao-infantil\/"]}]},{"@type":"ImageObject","inLanguage":"pt-BR","@id":"https:\/\/oes.fundacion-sm.org\/pt-br\/eduforics\/reimaginar-juntos-os-futuros\/pedagogia-e-curriculo\/a-importancia-da-escuta-para-a-apredizagem-na-educacao-infantil\/#primaryimage","url":"https:\/\/oes.fundacion-sm.org\/wp-content\/uploads\/sites\/14\/2024\/10\/Escucha_EI-1495356136.jpg","contentUrl":"https:\/\/oes.fundacion-sm.org\/wp-content\/uploads\/sites\/14\/2024\/10\/Escucha_EI-1495356136.jpg","width":1200,"height":755,"caption":"Escuta, afetividade e intelig\u00eancia est\u00e3o intimamente ligadas: sem escuta n\u00e3o h\u00e1 afeto e sem afeto n\u00e3o h\u00e1 aprendizagem (imagem: iStock)."},{"@type":"BreadcrumbList","@id":"https:\/\/oes.fundacion-sm.org\/pt-br\/eduforics\/reimaginar-juntos-os-futuros\/pedagogia-e-curriculo\/a-importancia-da-escuta-para-a-apredizagem-na-educacao-infantil\/#breadcrumb","itemListElement":[{"@type":"ListItem","position":1,"name":"Inicio","item":"https:\/\/oes.fundacion-sm.org\/pt-br\/"},{"@type":"ListItem","position":2,"name":"EDUforics","item":"https:\/\/oes.fundacion-sm.org\/pt-br\/eduforics\/"},{"@type":"ListItem","position":3,"name":"Reimaginar juntos os futuros","item":"https:\/\/oes.fundacion-sm.org\/pt-br\/eduforics\/reimaginar-juntos-os-futuros\/"},{"@type":"ListItem","position":4,"name":"Pedagogia e curr\u00edculo","item":"https:\/\/oes.fundacion-sm.org\/pt-br\/eduforics\/reimaginar-juntos-os-futuros\/pedagogia-e-curriculo\/"},{"@type":"ListItem","position":5,"name":"A import\u00e2ncia da escuta para a apredizagem na Educa\u00e7\u00e3o Infantil"}]},{"@type":"WebSite","@id":"https:\/\/oes.fundacion-sm.org\/pt-br\/#website","url":"https:\/\/oes.fundacion-sm.org\/pt-br\/","name":"Observat\u00f3rio da escola na Ibero-Am\u00e9rica (OES)","description":"Funda\u00e7\u00e3o SM","publisher":{"@id":"https:\/\/oes.fundacion-sm.org\/pt-br\/#organization"},"alternateName":"OES","potentialAction":[{"@type":"SearchAction","target":{"@type":"EntryPoint","urlTemplate":"https:\/\/oes.fundacion-sm.org\/pt-br\/?s={search_term_string}"},"query-input":{"@type":"PropertyValueSpecification","valueRequired":true,"valueName":"search_term_string"}}],"inLanguage":"pt-BR"},{"@type":"Organization","@id":"https:\/\/oes.fundacion-sm.org\/pt-br\/#organization","name":"Fundaci\u00f3n SM","url":"https:\/\/oes.fundacion-sm.org\/pt-br\/","logo":{"@type":"ImageObject","inLanguage":"pt-BR","@id":"https:\/\/oes.fundacion-sm.org\/pt-br\/#\/schema\/logo\/image\/","url":"https:\/\/oes.fundacion-sm.org\/wp-content\/uploads\/sites\/14\/2023\/10\/logotipo-fundacion-sm.png","contentUrl":"https:\/\/oes.fundacion-sm.org\/wp-content\/uploads\/sites\/14\/2023\/10\/logotipo-fundacion-sm.png","width":447,"height":85,"caption":"Fundaci\u00f3n SM"},"image":{"@id":"https:\/\/oes.fundacion-sm.org\/pt-br\/#\/schema\/logo\/image\/"}},{"@type":"Person","@id":"https:\/\/oes.fundacion-sm.org\/pt-br\/#\/schema\/person\/70b96ded1131a24f5e350d4bb3407aa2","name":"augusto.ibanez@colex.grupo-sm.com"}]}},"_links":{"self":[{"href":"https:\/\/oes.fundacion-sm.org\/pt-br\/wp-json\/wp\/v2\/posts\/15979","targetHints":{"allow":["GET"]}}],"collection":[{"href":"https:\/\/oes.fundacion-sm.org\/pt-br\/wp-json\/wp\/v2\/posts"}],"about":[{"href":"https:\/\/oes.fundacion-sm.org\/pt-br\/wp-json\/wp\/v2\/types\/post"}],"author":[{"embeddable":true,"href":"https:\/\/oes.fundacion-sm.org\/pt-br\/wp-json\/wp\/v2\/users\/8"}],"replies":[{"embeddable":true,"href":"https:\/\/oes.fundacion-sm.org\/pt-br\/wp-json\/wp\/v2\/comments?post=15979"}],"version-history":[{"count":5,"href":"https:\/\/oes.fundacion-sm.org\/pt-br\/wp-json\/wp\/v2\/posts\/15979\/revisions"}],"predecessor-version":[{"id":15984,"href":"https:\/\/oes.fundacion-sm.org\/pt-br\/wp-json\/wp\/v2\/posts\/15979\/revisions\/15984"}],"wp:featuredmedia":[{"embeddable":true,"href":"https:\/\/oes.fundacion-sm.org\/pt-br\/wp-json\/wp\/v2\/media\/15971"}],"wp:attachment":[{"href":"https:\/\/oes.fundacion-sm.org\/pt-br\/wp-json\/wp\/v2\/media?parent=15979"}],"wp:term":[{"taxonomy":"category","embeddable":true,"href":"https:\/\/oes.fundacion-sm.org\/pt-br\/wp-json\/wp\/v2\/categories?post=15979"},{"taxonomy":"post_tag","embeddable":true,"href":"https:\/\/oes.fundacion-sm.org\/pt-br\/wp-json\/wp\/v2\/tags?post=15979"}],"curies":[{"name":"wp","href":"https:\/\/api.w.org\/{rel}","templated":true}]}}