{"id":16453,"date":"2024-06-27T11:44:26","date_gmt":"2024-06-27T09:44:26","guid":{"rendered":"https:\/\/oes.fundacion-sm.org\/?p=16453"},"modified":"2024-11-25T16:13:30","modified_gmt":"2024-11-25T15:13:30","slug":"contra-o-mito-do-genio-o-pensamento-criativo-em-pisa-2022","status":"publish","type":"post","link":"https:\/\/oes.fundacion-sm.org\/pt-br\/eduforics\/educacao-inclusiva-e-de-qualidade\/avaliacao-para-a-aprendizagem\/contra-o-mito-do-genio-o-pensamento-criativo-em-pisa-2022\/","title":{"rendered":"Contra o mito do g\u00eanio: o pensamento criativo em PISA 2022"},"content":{"rendered":"\t\t<div data-elementor-type=\"wp-post\" data-elementor-id=\"16453\" class=\"elementor elementor-16453 elementor-14895\" data-elementor-post-type=\"post\">\n\t\t\t\t\t\t<section class=\"elementor-section elementor-top-section elementor-element elementor-element-14743b6 elementor-section-boxed elementor-section-height-default elementor-section-height-default\" data-id=\"14743b6\" data-element_type=\"section\">\n\t\t\t\t\t\t<div class=\"elementor-container elementor-column-gap-default\">\n\t\t\t\t\t<div class=\"elementor-column elementor-col-100 elementor-top-column elementor-element elementor-element-0aa34ee\" data-id=\"0aa34ee\" data-element_type=\"column\">\n\t\t\t<div class=\"elementor-widget-wrap elementor-element-populated\">\n\t\t\t\t\t\t<div class=\"elementor-element elementor-element-3f5ca18 elementor-widget elementor-widget-bloque-texto\" data-id=\"3f5ca18\" data-element_type=\"widget\" data-widget_type=\"bloque-texto.default\">\n\t\t\t\t<div class=\"elementor-widget-container\">\n\t\t\t\t\t<!-- Texto -->\n<section class=\"bloque bloque-texto  \">\n    <div class=\"container\">\n        <div class=\"estrecho2\">\n                        <div class=\"subtitulos\" data-aos=\"fade-left\" data-aos-duration=\"700\"><p>A criatividade n\u00e3o \u00e9 um dom inato exclusivo de poucos, mas uma caracter\u00edstica da intelig\u00eancia que pode e deve ser cultivada, e a escola pode ser o lugar ideal para seu desenvolvimento. Por isso, o PISA 2022 avaliou, pela primeira vez na hist\u00f3ria desses testes, a compet\u00eancia do pensamento criativo, e os resultados acabaram de ser divulgados.<\/p><\/div>\n            \n            <div class=\"row\">\n                <div class=\"col-sm-12\">\n                    <div class=\"the_content\" data-aos=\"fade-up\" data-aos-duration=\"700\">\n                        <p>O mito do g\u00eanio criador \u00e9 muito difundido, provavelmente porque permite contar de forma atrativa e atrav\u00e9s de \u201chist\u00f3rias de her\u00f3is\u201d o progresso da humanidade por meio das contribui\u00e7\u00f5es singulares de figuras com um talento excepcional para a cria\u00e7\u00e3o (cientistas, m\u00fasicos, pintores, escritores, inventores&#8230;), mas a realidade \u00e9 que a maioria das inova\u00e7\u00f5es s\u00e3o combina\u00e7\u00f5es bem-sucedidas de conceitos j\u00e1 existentes, provenientes de outras pessoas e outros contextos. As ideias inovadoras n\u00e3o surgem do nada, mas s\u00e3o o resultado de um processo mais gradual e\u00a0<a href=\"https:\/\/laparadojacreativa.com\/el-genio-creador-mitos-y-verdades\">colaborativo<\/a>, envolvendo ideias de v\u00e1rias origens. Como disse\u00a0Isaac Newton\u00a0em sua\u00a0<a href=\"https:\/\/digitallibrary.hsp.org\/index.php\/Detail\/objects\/9792\">conhecida carta<\/a>\u00a0a\u00a0Robert Hooke, \u201cse eu vi mais longe, foi por estar sobre os ombros de gigantes\u201d, em refer\u00eancia a seus grandes predecessores:\u00a0Cop\u00e9rnico,\u00a0Galileu\u00a0e\u00a0Kepler.<\/p>\n<p>A ant\u00edtese desse g\u00eanio criador solit\u00e1rio, cheio de ideias originais, intuitivas e espont\u00e2neas, seria o trabalhador met\u00f3dico, tenaz e meticuloso.\u00a0Thomas Alva Edison poderia ser um bom representante, mesmo que muitas de suas ideias tenham sido inspiradas em outras pessoas.\u00a0<a href=\"https:\/\/es.wikiquote.org\/wiki\/Thomas_Alva_Edison#cite_note-2\">Edison argumentava<\/a>\u00a0que \u201co g\u00eanio \u00e9 composto de um por cento de inspira\u00e7\u00e3o e noventa e nove por cento de transpira\u00e7\u00e3o\u201d, algo que n\u00e3o era compartilhado por Nikola Tesla, que n\u00e3o hesitava em\u00a0<a href=\"https:\/\/es.wikiquote.org\/wiki\/Thomas_Alva_Edison#cite_note-15\">criticar seu feroz advers\u00e1rio<\/a>\u00a0por sua falta de criatividade: \u201cO trabalho de Edison na l\u00e2mpada incandescente e no sistema de distribui\u00e7\u00e3o de corrente cont\u00ednua, mais do que o de um inventor, foi o de um pioneiro extraordinariamente en\u00e9rgico com a resist\u00eancia de um cavalo: portentoso em n\u00fameros, mas n\u00e3o criativo&#8221;. Paradoxalmente, Edison muitas vezes faz parte dessa hagiografia peculiar de grandes mitos criadores por causa de seu conhecido papel como prol\u00edfico inventor.<\/p>\n<p>Em <em>The Runaway Species<\/em>, um livro fascinante sobre a criatividade humana, Anthony Brandt e David Eagleman (2022) desenvolvem a tese de que os seres humanos absorvem e experimentam ideias e conhecimentos herdados de outros: n\u00f3s os manipulamos, combinamos, transgredimos e, gra\u00e7as a isso, progredimos em conhecimento e inova\u00e7\u00e3o. Argumentam que muitas ideias est\u00e3o conectadas e que a maioria das inven\u00e7\u00f5es resulta de um longo processo de amadurecimento. Portanto, o g\u00eanio criador nada mais \u00e9 do que algu\u00e9m que conseguiu reunir essas ideias, trabalhar nelas e apresent\u00e1-las no momento certo. E afirmam: &#8220;A cada momento, somos os herdeiros do funcionamento cognitivo do software de bilh\u00f5es de pessoas que vieram antes de n\u00f3s\u201d.<\/p>\n<p>Eagleman e Brandt descrevem como todas as inova\u00e7\u00f5es resultam de quebrar, misturar e dobrar o que j\u00e1 existe, e ilustram isso com v\u00e1rios exemplos aparentemente n\u00e3o relacionados. Quebrar \u00e9 fragmentar, misturar \u00e9 combinar duas ou mais coisas de uma nova maneira, e dobrar \u00e9 transformar algo existente por meio de altera\u00e7\u00f5es. Afirmam que a maravilha da criatividade humana \u201cn\u00e3o \u00e9 o fato de novas ideias surgirem do nada, mas o fato de dedicarmos grande parte do territ\u00f3rio de nosso c\u00e9rebro para desenvolv\u00ea-las\u201d, ou seja, reunimos nossas pr\u00f3prias ideias e as de outras pessoas e as misturamos, quebramos e dobramos para criar algo novo, porque nossa sobreviv\u00eancia depende da cria\u00e7\u00e3o e da inova\u00e7\u00e3o. Logicamente, argumentam que o pensamento criativo pode ser cultivado ensinando como quebrar, misturar e dobrar ideias, o que exige um clima que n\u00e3o penalize o fracasso: \u201cnovas ideias surgem em ambientes onde o fracasso \u00e9 tolerado\u201d, afirmam. Mas um aspecto fundamental \u00e9 assumir que inovar exige esfor\u00e7o. Assim, recomendam que os professores evitem elogiar indiscriminadamente todos os alunos, pois o elogio injustificado reduz a motiva\u00e7\u00e3o para assumir riscos, e sempre elogiem o esfor\u00e7o, n\u00e3o os resultados.<\/p>\n<h2><strong>A criatividade n\u00e3o \u00e9 inata, \u00e9 aprendida<\/strong><\/h2>\n<p>Chama a aten\u00e7\u00e3o o fato de que \u00e9 t\u00e3o f\u00e1cil encontrar pessoas ao nosso redor que se descrevem como n\u00e3o criativas, como se a criatividade fosse um dom inato que algu\u00e9m tem ou n\u00e3o tem. A idealiza\u00e7\u00e3o do g\u00eanio criador pode ser a causa dessa percep\u00e7\u00e3o, mas n\u00e3o \u00e9 necess\u00e1rio ser um g\u00eanio para ser criativo.\u00a0<\/p>\n<p>Essa falta de confian\u00e7a nas pr\u00f3prias habilidades tamb\u00e9m pode se dever a outros fatores paralisantes, como o medo da rejei\u00e7\u00e3o de nossas ideias por causa de experi\u00eancias passadas ruins; o excesso de perfeccionismo, que nos faz descartar ideias antes de compartilh\u00e1-las e trabalhar nelas; a compara\u00e7\u00e3o com aqueles que parecem mais habilidosos em sua compet\u00eancia criativa; e, muito provavelmente, uma mentalidade fixa que, de acordo com a psic\u00f3loga americana Carol Dweck (2010), nos faz acreditar que a intelig\u00eancia e os talentos n\u00e3o podem mudar. Diante dessa convic\u00e7\u00e3o limitadora, as pessoas com mentalidade de crescimento acreditam que as habilidades e os talentos podem ser desenvolvidos, mesmo que isso exija esfor\u00e7o, acompanhamento e estrat\u00e9gias de aprendizado adequadas. E essa mentalidade se estende \u00e0 aprendizagem da Matem\u00e1tica (Boaler, 2016).<\/p>\n<h2><strong>O Pisa e o pensamento criativo<\/strong><\/h2>\n<p>Felizmente, a criatividade \u00e9 uma caracter\u00edstica da intelig\u00eancia humana que\u00a0<a href=\"https:\/\/oes.fundacion-sm.org\/eduforics\/que-mide-pisa-en-la-prueba-de-pensamiento-creativo-y-por-que-es-importante\/\">todos n\u00f3s podemos cultivar<\/a>, e n\u00e3o um dom\u00a0<a href=\"https:\/\/www.psicoactiva.com\/blog\/pensamiento-creativo-caracteristicas-mitos-y-como-potenciarlo\/\">exclusivo de poucos seres excepcionais<\/a>. As escolas podem proporcionar um contexto ideal, o que justifica o interesse da OCDE, por meio dos testes PISA, em incentivar o pensamento criativo. Por outro lado, parece haver uma\u00a0<a href=\"https:\/\/blog.intef.es\/inee\/2024\/06\/18\/resultados-de-pensamiento-creativo-de-pisa-2022-informe-espanol\/\">estreita rela\u00e7\u00e3o<\/a>\u00a0entre o potencial criativo dos alunos, suas habilidades de resolu\u00e7\u00e3o de problemas e seus resultados acad\u00eamicos.<\/p>\n<p>Ap\u00f3s os testes do PISA 2018, a OCDE dedicou uma an\u00e1lise interessante ao desenvolvimento de uma mentalidade de crescimento que, como vimos, contribui para o cultivo da criatividade (OCDE, 2021). E nos \u00faltimos testes do PISA, foi inclu\u00edda, pela primeira vez desde sua cria\u00e7\u00e3o, uma avalia\u00e7\u00e3o da compet\u00eancia criativa, juntamente com as avalia\u00e7\u00f5es tradicionais de Ci\u00eancias, leitura e Matem\u00e1tica, que nesta edi\u00e7\u00e3o foi a principal compet\u00eancia avaliada.<\/p>\n<p>O relat\u00f3rio desses primeiros testes de pensamento criativo, dos quais participaram 64 pa\u00edses e economias participantes da OCDE e associados, foi divulgado em junho deste ano (OCDE, 2024),<\/p>\n<p>Embora a criatividade seja geralmente associada ao pensamento divergente, o PISA mediu a criatividade atrav\u00e9s de\u00a0<a href=\"https:\/\/www.oecd.org\/pisa\/publications\/PISA-2021-creative-thinking-framework.pdf\">tr\u00eas processos fundamentais<\/a>\u00a0\u2013 gerar ideias diferentes, gerar ideias criativas e avaliar e aprimorar ideias \u2013 a serem expressos em quatro \u00e1reas de conte\u00fado: reda\u00e7\u00e3o criativa, express\u00e3o visual, solu\u00e7\u00e3o de problemas cient\u00edficos e solu\u00e7\u00e3o de problemas sociais, como quest\u00f5es ambientais. \u00a0<\/p>\n<p>Em termos de resultados, esperava-se uma correla\u00e7\u00e3o razo\u00e1vel entre os dados sobre compet\u00eancia criativa e os dados sobre Matem\u00e1tica, Ci\u00eancias e leitura. E, em geral, aconteceu o seguinte:\u00a0<a href=\"https:\/\/www.oecd.org\/newsroom\/los-estudiantes-de-los-sistemas-educativos-de-alto-rendimiento-logran-las-mejores-puntuaciones-en-la-primera-evaluacion-internacional-del-pensamiento-creativo.htm\">os alunos de sistemas educacionais de alto desempenho obtiveram as melhores pontua\u00e7\u00f5es<\/a>\u00a0em pensamento criativo. A melhor classificada foi Cingapura, com 41 pontos de um total de 60, seguida pela Coreia do Sul (38), Canad\u00e1 (38) e Austr\u00e1lia (37). Os pa\u00edses europeus mais bem classificados foram a Est\u00f4nia (36) e a Finl\u00e2ndia (36). Tamb\u00e9m em linha com os resultados nas outras \u00e1reas, a Espanha, com 32,8 pontos, est\u00e1 ligeiramente acima da m\u00e9dia da OCDE (32,7) e da m\u00e9dia da UE (32,1). Oito em cada dez estudantes espanh\u00f3is obtiveram o n\u00edvel b\u00e1sico de desempenho em pensamento criativo, e quatro em cada dez demonstraram alto desempenho, semelhante \u00e0s m\u00e9dias da OCDE e da UE.<\/p>\n<p>Mas h\u00e1 dados relevantes que se afastam dessa correla\u00e7\u00e3o entre o pensamento criativo e o desempenho nas \u00e1reas tradicionais do PISA:<\/p>\n<ul>\n<li>Os resultados de v\u00e1rios pa\u00edses latino-americanos em pensamento criativo ficaram bem acima do que seria esperado para seu desempenho em Matem\u00e1tica. O Chile (31) e o M\u00e9xico (29) se destacam, mas o Uruguai (29), a Costa Rica (27) e a Col\u00f4mbia (26), entre outros, tamb\u00e9m ficaram acima das pontua\u00e7\u00f5es esperadas, de acordo com sua posi\u00e7\u00e3o nas demais \u00e1reas do PISA.<\/li>\n<\/ul>\n<ul>\n<li>Por outro lado, as meninas tiveram um desempenho melhor em criatividade do que seus colegas homens em todos os pa\u00edses participantes. Na Espanha, a diferen\u00e7a a favor das meninas foi de 2,2 pontos, inferior \u00e0 m\u00e9dia da OCDE (2,7) e da UE (2,6). Na Am\u00e9rica Latina, as meninas tamb\u00e9m sa\u00edram na frente, mas com diferen\u00e7as pouco significativas. Um dos motivos dessa diferen\u00e7a, de acordo com Andreas Schleicher, diretor do PISA, pode ser devido \u00e0 maior compet\u00eancia das meninas em compreens\u00e3o de leitura, que \u00e9 uma alavanca para a criatividade. De fato, as diferen\u00e7as de g\u00eanero em compreens\u00e3o de leitura n\u00e3o s\u00e3o muito significativas na Am\u00e9rica Latina.<\/li>\n<\/ul>\n<ul>\n<li>Alguns dos pa\u00edses e economias com melhor desempenho nas \u00e1reas tradicionais do PISA tiveram um desempenho bem abaixo das pontua\u00e7\u00f5es de criatividade que estariam correlacionadas a esses resultados. Esse \u00e9 o caso de Taiwan (33) e dos territ\u00f3rios chineses de Macau (32) e Hong Kong (32). Como uma exce\u00e7\u00e3o marcante, Cingapura se destacou do restante dos pa\u00edses tanto na compet\u00eancia de pensamento criativo quanto em todas as outras \u00e1reas. \u00c9 poss\u00edvel que parte desse bom desempenho esteja relacionada \u00e0 sua\u00a0<a href=\"https:\/\/oes.fundacion-sm.org\/eduforics\/educacion-inclusiva-y-de-calidad\/evaluacion-para-el-aprendizaje\/singapur-refuerza-su-liderazgo-en-matematicas-cual-es-el-secreto\/\">inovadora forma de trabalhar a resolu\u00e7\u00e3o de problemas,<\/a>\u00a0na qual caminhos alternativos para a solu\u00e7\u00e3o s\u00e3o sistematicamente explorados, proporcionando flexibilidade ao processo e incentivando a criatividade.<\/li>\n<\/ul>\n<p>Analisando o status socioecon\u00f4mico, outra descoberta muito relevante \u00e9 que os alunos de contextos favorecidos t\u00eam um desempenho muito melhor em pensamento criativo do que os de contextos desfavorecidos, com grandes diferen\u00e7as de 9,5 pontos na m\u00e9dia da OCDE e 10,2 pontos na UE. No caso da Espanha, a diferen\u00e7a \u00e9 de 7,9 pontos, o que, embora muito alta, representa um n\u00edvel de equidade mais alto do que a m\u00e9dia.<\/p>\n<p>Por \u00faltimo, com rela\u00e7\u00e3o ao conceito de mentalidade de crescimento, entendido como a cren\u00e7a na pr\u00f3pria capacidade de aprendizado e desenvolvimento, 47% dos alunos espanh\u00f3is acreditam que a intelig\u00eancia \u00e9 algo que n\u00e3o se pode mudar muito, dois pontos acima da m\u00e9dia da UE (45%). Apesar disso, 86% dos alunos espanh\u00f3is concordam ou concordam totalmente que \u00e9 poss\u00edvel ser criativo em quase todas as disciplinas, acima da m\u00e9dia da OCDE (82%) e da UE (84%).<\/p>\n<hr \/>\n<h2><strong>Refer\u00eancias<\/strong><\/h2>\n<ul>\n<li>Anthony Brandt y David Eagleman (2022). La especie desbocada. Barcelona: Anagrama.<\/li>\n<li>Carol Dweck (2006).\u00a0<em>Mindset: The new psychology of success<\/em>. New York: Ballantine Books.<\/li>\n<li>Jo Boaler (2016).\u00a0<em>Mathematical Mindsets<\/em>. San Francisco, CA: Jossey Bass \u2013 Wiley.<\/li>\n<li>OCDE (2021).\u00a0<em>Sky\u2019s the Limit. Growth mindset, students, and schools in PISA<\/em>. Dispon\u00edvel\u00a0<a href=\"https:\/\/www.oecd.org\/pisa\/growth-mindset.pdf\">aqui<\/a>.\u00a0<\/li>\n<li>OCDE (2024).\u00a0<em>PISA 2022 Results (Volume III). <\/em><em>Creative Minds, Creative Schools<\/em>. 18 Jun 2024.\u00a0<a href=\"https:\/\/doi.org\/10.1787\/765ee8c2-en\">https:\/\/doi.org\/10.1787\/765ee8c2-en<\/a>\u00a0\u00a0<\/li>\n<li>INEE (2024).\u00a0<em>PISA 2022 \u2013 Pensamiento Creativo. Relat\u00f3rio em espanhol<\/em>. Dispon\u00edvel\u00a0<a href=\"https:\/\/www.educacionfpydeportes.gob.es\/dam\/jcr:5a97e94e-1405-45f2-a29d-62093ce9081c\/pisa-2022-creativo-interactivo-web.pdf\">aqui<\/a>.<\/li>\n<\/ul>\n                    <\/div>\n                <\/div>\n            <\/div>\n        <\/div>\n    <\/div>\n<\/section>\t\t\t\t<\/div>\n\t\t\t\t<\/div>\n\t\t\t\t<div class=\"elementor-element elementor-element-8fb1042 elementor-widget elementor-widget-bloque-blog-2\" data-id=\"8fb1042\" data-element_type=\"widget\" data-widget_type=\"bloque-blog-2.default\">\n\t\t\t\t<div class=\"elementor-widget-container\">\n\t\t\t\t\t\n\n<!-- Bloque Blog -->\n<div class=\"container\">\n    <div class=\"row titulo-con-enlace\">\n        <div class=\"col-12\">\n            <h2 class=\"titulos\" data-aos=\"fade-left\" data-aos-duration=\"700\">Postagens relacionadas<\/h2>                        <a href=\"https:\/\/oes.fundacion-sm.org\/eduforics\/\" data-aos=\"fade-right\" data-aos-duration=\"700\" class=\"enlace btn-arrow\" title=\"Ver mais\"><span>Ver mais<\/span><\/a>\n                    <\/div>\n    <\/div>\n<\/div>\n<section class=\"bloque bloque-blog bloquebzigyooioe  diseno-eduforics \">\n    <div class=\"container\">\n        <div class=\"background  \">\n            <div class=\"estrecho\">\n                <div class=\"row ultimas\">\n                                                            <div class=\"col-12 col-sm-6 d-flex align-items-stretch\" data-aos=\"fade-up\" data-aos-delay=\"200\" data-aos-duration=\"700\">\n                                    <a class=\"noticia \" href=\"https:\/\/oes.fundacion-sm.org\/pt-br\/eduforics\/educacao-inclusiva-e-de-qualidade\/educacao-desenvolvimento-sustentavel\/o-dia-mundial-da-mae-terra-a-educacao-pode-ajudar-a-humanidade-a-alcancar-a-paz-com-o-planeta\/\">\n    <div class=\"image\">\n        <img fetchpriority=\"high\" decoding=\"async\" width=\"890\" height=\"560\" src=\"https:\/\/oes.fundacion-sm.org\/wp-content\/uploads\/sites\/14\/2026\/04\/Artemis_NASA-890x560.png\" class=\"img-fluid wp-post-image\" alt=\"\" srcset=\"https:\/\/oes.fundacion-sm.org\/wp-content\/uploads\/sites\/14\/2026\/04\/Artemis_NASA-890x560.png 890w, https:\/\/oes.fundacion-sm.org\/wp-content\/uploads\/sites\/14\/2026\/04\/Artemis_NASA-300x189.png 300w, https:\/\/oes.fundacion-sm.org\/wp-content\/uploads\/sites\/14\/2026\/04\/Artemis_NASA-1024x644.png 1024w, https:\/\/oes.fundacion-sm.org\/wp-content\/uploads\/sites\/14\/2026\/04\/Artemis_NASA-768x483.png 768w, https:\/\/oes.fundacion-sm.org\/wp-content\/uploads\/sites\/14\/2026\/04\/Artemis_NASA-1056x664.png 1056w, https:\/\/oes.fundacion-sm.org\/wp-content\/uploads\/sites\/14\/2026\/04\/Artemis_NASA.png 1200w\" sizes=\"(max-width: 890px) 100vw, 890px\" \/>    <\/div>\n    <div class=\"datos\">\n        <div class=\"categoria\">Educa\u00e7\u00e3o para o desenvolvimento sustent\u00e1vel<\/div>\n        <h3 class=\"subtitulos\">O Dia Mundial da M\u00e3e Terra: a educa\u00e7\u00e3o pode ajudar a humanidade a alcan\u00e7ar a paz com o planeta<\/h3>\n                <div class=\"autor\">Por <em>Humberto Herrera Contreras<\/em><\/div>\n            <\/div>\n<\/a>                                    <\/div>\n                                                                    <div class=\"col-12 col-sm-6 d-flex align-items-stretch\" data-aos=\"fade-up\" data-aos-delay=\"500\" data-aos-duration=\"700\">\n                                    <a class=\"noticia \" href=\"https:\/\/oes.fundacion-sm.org\/pt-br\/eduforics\/educacao-inclusiva-e-de-qualidade\/educacao-desenvolvimento-sustentavel\/alfabetizacao-ecologica-possibilidades-para-superar-os-limites-do-planeta\/\">\n    <div class=\"image\">\n        <img decoding=\"async\" width=\"890\" height=\"560\" src=\"https:\/\/oes.fundacion-sm.org\/wp-content\/uploads\/sites\/14\/2026\/04\/Ecologia-1151886550-890x560.png\" class=\"img-fluid wp-post-image\" alt=\"\" srcset=\"https:\/\/oes.fundacion-sm.org\/wp-content\/uploads\/sites\/14\/2026\/04\/Ecologia-1151886550-890x560.png 890w, https:\/\/oes.fundacion-sm.org\/wp-content\/uploads\/sites\/14\/2026\/04\/Ecologia-1151886550-300x189.png 300w, https:\/\/oes.fundacion-sm.org\/wp-content\/uploads\/sites\/14\/2026\/04\/Ecologia-1151886550-1024x644.png 1024w, https:\/\/oes.fundacion-sm.org\/wp-content\/uploads\/sites\/14\/2026\/04\/Ecologia-1151886550-768x483.png 768w, https:\/\/oes.fundacion-sm.org\/wp-content\/uploads\/sites\/14\/2026\/04\/Ecologia-1151886550-1056x664.png 1056w, https:\/\/oes.fundacion-sm.org\/wp-content\/uploads\/sites\/14\/2026\/04\/Ecologia-1151886550.png 1200w\" sizes=\"(max-width: 890px) 100vw, 890px\" \/>    <\/div>\n    <div class=\"datos\">\n        <div class=\"categoria\">Educa\u00e7\u00e3o para o desenvolvimento sustent\u00e1vel<\/div>\n        <h3 class=\"subtitulos\">Alfabetiza\u00e7\u00e3o Ecol\u00f3gica: possibilidades para superar os limites do planeta<\/h3>\n                <div class=\"autor\">Por <em>Cl\u00e1udia Chesini<\/em><\/div>\n            <\/div>\n<\/a>                                    <\/div>\n                                                <\/div>\n            <\/div>\n        <\/div>\n    <\/div>\n<\/section>\n\n\t\t\t\t<\/div>\n\t\t\t\t<\/div>\n\t\t\t\t\t<\/div>\n\t\t<\/div>\n\t\t\t\t\t<\/div>\n\t\t<\/section>\n\t\t\t\t<\/div>\n\t\t","protected":false},"excerpt":{"rendered":"<p>A criatividade n\u00e3o \u00e9 um dom inato exclusivo de poucos, mas uma caracter\u00edstica da intelig\u00eancia que pode e deve ser cultivada, e a escola pode ser o lugar ideal para seu desenvolvimento. Por isso, o PISA 2022 avaliou, pela primeira vez na hist\u00f3ria desses testes, a compet\u00eancia do pensamento criativo, e os resultados acabaram de [&hellip;]<\/p>\n","protected":false},"author":8,"featured_media":14897,"comment_status":"closed","ping_status":"closed","sticky":false,"template":"","format":"standard","meta":{"_acf_changed":false,"footnotes":""},"categories":[59,36,60],"tags":[],"class_list":["post-16453","post","type-post","status-publish","format-standard","has-post-thumbnail","hentry","category-avaliacao-para-a-aprendizagem","category-eduforics","category-neurociencias-e-aprendizagem-essencial"],"acf":[],"yoast_head":"<!-- This site is optimized with the Yoast SEO plugin v26.7 - https:\/\/yoast.com\/wordpress\/plugins\/seo\/ -->\n<title>Contra o mito do g\u00eanio: o pensamento criativo em PISA 2022 - Eduforics - Observat\u00f3rio da escola na Ibero-Am\u00e9rica (OES)<\/title>\n<meta name=\"description\" content=\"A criatividade n\u00e3o \u00e9 um dom inato exclusivo de poucos, mas uma caracter\u00edstica da intelig\u00eancia que pode e deve ser cultivada, e a escola pode ser o lugar\" \/>\n<meta name=\"robots\" content=\"index, follow, max-snippet:-1, max-image-preview:large, max-video-preview:-1\" \/>\n<link rel=\"canonical\" href=\"https:\/\/oes.fundacion-sm.org\/pt-br\/eduforics\/educacao-inclusiva-e-de-qualidade\/avaliacao-para-a-aprendizagem\/contra-o-mito-do-genio-o-pensamento-criativo-em-pisa-2022\/\" \/>\n<meta property=\"og:locale\" content=\"pt_BR\" \/>\n<meta property=\"og:type\" content=\"article\" \/>\n<meta property=\"og:title\" content=\"Contra o mito do g\u00eanio: o pensamento criativo em PISA 2022 - Observat\u00f3rio da escola na Ibero-Am\u00e9rica (OES)\" \/>\n<meta property=\"og:description\" content=\"A criatividade n\u00e3o \u00e9 um dom inato exclusivo de poucos, mas uma caracter\u00edstica da intelig\u00eancia que pode e deve ser cultivada, e a escola pode ser o lugar\" \/>\n<meta property=\"og:url\" content=\"https:\/\/oes.fundacion-sm.org\/pt-br\/eduforics\/educacao-inclusiva-e-de-qualidade\/avaliacao-para-a-aprendizagem\/contra-o-mito-do-genio-o-pensamento-criativo-em-pisa-2022\/\" \/>\n<meta property=\"og:site_name\" content=\"Observat\u00f3rio da escola na Ibero-Am\u00e9rica (OES)\" \/>\n<meta property=\"article:published_time\" content=\"2024-06-27T09:44:26+00:00\" \/>\n<meta property=\"article:modified_time\" content=\"2024-11-25T15:13:30+00:00\" \/>\n<meta property=\"og:image\" content=\"https:\/\/oes.fundacion-sm.org\/wp-content\/uploads\/sites\/14\/2024\/06\/Creatividad-1174517163.jpg\" \/>\n\t<meta property=\"og:image:width\" content=\"1200\" \/>\n\t<meta property=\"og:image:height\" content=\"800\" \/>\n\t<meta property=\"og:image:type\" content=\"image\/jpeg\" \/>\n<meta name=\"author\" content=\"augusto.ibanez@colex.grupo-sm.com\" \/>\n<meta name=\"twitter:card\" content=\"summary_large_image\" \/>\n<meta name=\"twitter:label1\" content=\"Escrito por\" \/>\n\t<meta name=\"twitter:data1\" content=\"augusto.ibanez@colex.grupo-sm.com\" \/>\n\t<meta name=\"twitter:label2\" content=\"Est. tempo de leitura\" \/>\n\t<meta name=\"twitter:data2\" content=\"10 minutos\" \/>\n<script type=\"application\/ld+json\" class=\"yoast-schema-graph\">{\"@context\":\"https:\/\/schema.org\",\"@graph\":[{\"@type\":\"Article\",\"@id\":\"https:\/\/oes.fundacion-sm.org\/pt-br\/eduforics\/educacao-inclusiva-e-de-qualidade\/avaliacao-para-a-aprendizagem\/contra-o-mito-do-genio-o-pensamento-criativo-em-pisa-2022\/#article\",\"isPartOf\":{\"@id\":\"https:\/\/oes.fundacion-sm.org\/pt-br\/eduforics\/educacao-inclusiva-e-de-qualidade\/avaliacao-para-a-aprendizagem\/contra-o-mito-do-genio-o-pensamento-criativo-em-pisa-2022\/\"},\"author\":{\"name\":\"augusto.ibanez@colex.grupo-sm.com\",\"@id\":\"https:\/\/oes.fundacion-sm.org\/pt-br\/#\/schema\/person\/70b96ded1131a24f5e350d4bb3407aa2\"},\"headline\":\"Contra o mito do g\u00eanio: o pensamento criativo em PISA 2022\",\"datePublished\":\"2024-06-27T09:44:26+00:00\",\"dateModified\":\"2024-11-25T15:13:30+00:00\",\"mainEntityOfPage\":{\"@id\":\"https:\/\/oes.fundacion-sm.org\/pt-br\/eduforics\/educacao-inclusiva-e-de-qualidade\/avaliacao-para-a-aprendizagem\/contra-o-mito-do-genio-o-pensamento-criativo-em-pisa-2022\/\"},\"wordCount\":1876,\"publisher\":{\"@id\":\"https:\/\/oes.fundacion-sm.org\/pt-br\/#organization\"},\"image\":{\"@id\":\"https:\/\/oes.fundacion-sm.org\/pt-br\/eduforics\/educacao-inclusiva-e-de-qualidade\/avaliacao-para-a-aprendizagem\/contra-o-mito-do-genio-o-pensamento-criativo-em-pisa-2022\/#primaryimage\"},\"thumbnailUrl\":\"https:\/\/oes.fundacion-sm.org\/wp-content\/uploads\/sites\/14\/2024\/06\/Creatividad-1174517163.jpg\",\"articleSection\":[\"Avalia\u00e7\u00e3o para a aprendizagem\",\"EDUforics\",\"Neuroci\u00eancias e aprendizagem essencial\"],\"inLanguage\":\"pt-BR\"},{\"@type\":\"WebPage\",\"@id\":\"https:\/\/oes.fundacion-sm.org\/pt-br\/eduforics\/educacao-inclusiva-e-de-qualidade\/avaliacao-para-a-aprendizagem\/contra-o-mito-do-genio-o-pensamento-criativo-em-pisa-2022\/\",\"url\":\"https:\/\/oes.fundacion-sm.org\/pt-br\/eduforics\/educacao-inclusiva-e-de-qualidade\/avaliacao-para-a-aprendizagem\/contra-o-mito-do-genio-o-pensamento-criativo-em-pisa-2022\/\",\"name\":\"Contra o mito do g\u00eanio: o pensamento criativo em PISA 2022 - Observat\u00f3rio da escola na Ibero-Am\u00e9rica (OES)\",\"isPartOf\":{\"@id\":\"https:\/\/oes.fundacion-sm.org\/pt-br\/#website\"},\"primaryImageOfPage\":{\"@id\":\"https:\/\/oes.fundacion-sm.org\/pt-br\/eduforics\/educacao-inclusiva-e-de-qualidade\/avaliacao-para-a-aprendizagem\/contra-o-mito-do-genio-o-pensamento-criativo-em-pisa-2022\/#primaryimage\"},\"image\":{\"@id\":\"https:\/\/oes.fundacion-sm.org\/pt-br\/eduforics\/educacao-inclusiva-e-de-qualidade\/avaliacao-para-a-aprendizagem\/contra-o-mito-do-genio-o-pensamento-criativo-em-pisa-2022\/#primaryimage\"},\"thumbnailUrl\":\"https:\/\/oes.fundacion-sm.org\/wp-content\/uploads\/sites\/14\/2024\/06\/Creatividad-1174517163.jpg\",\"datePublished\":\"2024-06-27T09:44:26+00:00\",\"dateModified\":\"2024-11-25T15:13:30+00:00\",\"description\":\"A criatividade n\u00e3o \u00e9 um dom inato exclusivo de poucos, mas uma caracter\u00edstica da intelig\u00eancia que pode e deve ser cultivada, e a escola pode ser o lugar\",\"breadcrumb\":{\"@id\":\"https:\/\/oes.fundacion-sm.org\/pt-br\/eduforics\/educacao-inclusiva-e-de-qualidade\/avaliacao-para-a-aprendizagem\/contra-o-mito-do-genio-o-pensamento-criativo-em-pisa-2022\/#breadcrumb\"},\"inLanguage\":\"pt-BR\",\"potentialAction\":[{\"@type\":\"ReadAction\",\"target\":[\"https:\/\/oes.fundacion-sm.org\/pt-br\/eduforics\/educacao-inclusiva-e-de-qualidade\/avaliacao-para-a-aprendizagem\/contra-o-mito-do-genio-o-pensamento-criativo-em-pisa-2022\/\"]}]},{\"@type\":\"ImageObject\",\"inLanguage\":\"pt-BR\",\"@id\":\"https:\/\/oes.fundacion-sm.org\/pt-br\/eduforics\/educacao-inclusiva-e-de-qualidade\/avaliacao-para-a-aprendizagem\/contra-o-mito-do-genio-o-pensamento-criativo-em-pisa-2022\/#primaryimage\",\"url\":\"https:\/\/oes.fundacion-sm.org\/wp-content\/uploads\/sites\/14\/2024\/06\/Creatividad-1174517163.jpg\",\"contentUrl\":\"https:\/\/oes.fundacion-sm.org\/wp-content\/uploads\/sites\/14\/2024\/06\/Creatividad-1174517163.jpg\",\"width\":1200,\"height\":800,\"caption\":\"LA educa\u00e7\u00e3o do pensamento criativo requer ambientes em que o fracasso seja tolerado e o esfor\u00e7o, em vez dos resultados, seja valorizado (img.: iStock).\"},{\"@type\":\"BreadcrumbList\",\"@id\":\"https:\/\/oes.fundacion-sm.org\/pt-br\/eduforics\/educacao-inclusiva-e-de-qualidade\/avaliacao-para-a-aprendizagem\/contra-o-mito-do-genio-o-pensamento-criativo-em-pisa-2022\/#breadcrumb\",\"itemListElement\":[{\"@type\":\"ListItem\",\"position\":1,\"name\":\"Inicio\",\"item\":\"https:\/\/oes.fundacion-sm.org\/pt-br\/\"},{\"@type\":\"ListItem\",\"position\":2,\"name\":\"EDUforics\",\"item\":\"https:\/\/oes.fundacion-sm.org\/pt-br\/eduforics\/\"},{\"@type\":\"ListItem\",\"position\":3,\"name\":\"Educa\u00e7\u00e3o inclusiva e de qualidade\",\"item\":\"https:\/\/oes.fundacion-sm.org\/pt-br\/eduforics\/educacao-inclusiva-e-de-qualidade\/\"},{\"@type\":\"ListItem\",\"position\":4,\"name\":\"Avalia\u00e7\u00e3o para a aprendizagem\",\"item\":\"https:\/\/oes.fundacion-sm.org\/pt-br\/eduforics\/educacao-inclusiva-e-de-qualidade\/avaliacao-para-a-aprendizagem\/\"},{\"@type\":\"ListItem\",\"position\":5,\"name\":\"Contra o mito do g\u00eanio: o pensamento criativo em PISA 2022\"}]},{\"@type\":\"WebSite\",\"@id\":\"https:\/\/oes.fundacion-sm.org\/pt-br\/#website\",\"url\":\"https:\/\/oes.fundacion-sm.org\/pt-br\/\",\"name\":\"Observat\u00f3rio da escola na Ibero-Am\u00e9rica (OES)\",\"description\":\"Funda\u00e7\u00e3o SM\",\"publisher\":{\"@id\":\"https:\/\/oes.fundacion-sm.org\/pt-br\/#organization\"},\"alternateName\":\"OES\",\"potentialAction\":[{\"@type\":\"SearchAction\",\"target\":{\"@type\":\"EntryPoint\",\"urlTemplate\":\"https:\/\/oes.fundacion-sm.org\/pt-br\/?s={search_term_string}\"},\"query-input\":{\"@type\":\"PropertyValueSpecification\",\"valueRequired\":true,\"valueName\":\"search_term_string\"}}],\"inLanguage\":\"pt-BR\"},{\"@type\":\"Organization\",\"@id\":\"https:\/\/oes.fundacion-sm.org\/pt-br\/#organization\",\"name\":\"Fundaci\u00f3n SM\",\"url\":\"https:\/\/oes.fundacion-sm.org\/pt-br\/\",\"logo\":{\"@type\":\"ImageObject\",\"inLanguage\":\"pt-BR\",\"@id\":\"https:\/\/oes.fundacion-sm.org\/pt-br\/#\/schema\/logo\/image\/\",\"url\":\"https:\/\/oes.fundacion-sm.org\/wp-content\/uploads\/sites\/14\/2023\/10\/logotipo-fundacion-sm.png\",\"contentUrl\":\"https:\/\/oes.fundacion-sm.org\/wp-content\/uploads\/sites\/14\/2023\/10\/logotipo-fundacion-sm.png\",\"width\":447,\"height\":85,\"caption\":\"Fundaci\u00f3n SM\"},\"image\":{\"@id\":\"https:\/\/oes.fundacion-sm.org\/pt-br\/#\/schema\/logo\/image\/\"}},{\"@type\":\"Person\",\"@id\":\"https:\/\/oes.fundacion-sm.org\/pt-br\/#\/schema\/person\/70b96ded1131a24f5e350d4bb3407aa2\",\"name\":\"augusto.ibanez@colex.grupo-sm.com\"}]}<\/script>\n<!-- \/ Yoast SEO plugin. -->","yoast_head_json":{"title":"Contra o mito do g\u00eanio: o pensamento criativo em PISA 2022 - Eduforics - Observat\u00f3rio da escola na Ibero-Am\u00e9rica (OES)","description":"A criatividade n\u00e3o \u00e9 um dom inato exclusivo de poucos, mas uma caracter\u00edstica da intelig\u00eancia que pode e deve ser cultivada, e a escola pode ser o lugar","robots":{"index":"index","follow":"follow","max-snippet":"max-snippet:-1","max-image-preview":"max-image-preview:large","max-video-preview":"max-video-preview:-1"},"canonical":"https:\/\/oes.fundacion-sm.org\/pt-br\/eduforics\/educacao-inclusiva-e-de-qualidade\/avaliacao-para-a-aprendizagem\/contra-o-mito-do-genio-o-pensamento-criativo-em-pisa-2022\/","og_locale":"pt_BR","og_type":"article","og_title":"Contra o mito do g\u00eanio: o pensamento criativo em PISA 2022 - Observat\u00f3rio da escola na Ibero-Am\u00e9rica (OES)","og_description":"A criatividade n\u00e3o \u00e9 um dom inato exclusivo de poucos, mas uma caracter\u00edstica da intelig\u00eancia que pode e deve ser cultivada, e a escola pode ser o lugar","og_url":"https:\/\/oes.fundacion-sm.org\/pt-br\/eduforics\/educacao-inclusiva-e-de-qualidade\/avaliacao-para-a-aprendizagem\/contra-o-mito-do-genio-o-pensamento-criativo-em-pisa-2022\/","og_site_name":"Observat\u00f3rio da escola na Ibero-Am\u00e9rica (OES)","article_published_time":"2024-06-27T09:44:26+00:00","article_modified_time":"2024-11-25T15:13:30+00:00","og_image":[{"width":1200,"height":800,"url":"https:\/\/oes.fundacion-sm.org\/wp-content\/uploads\/sites\/14\/2024\/06\/Creatividad-1174517163.jpg","type":"image\/jpeg"}],"author":"augusto.ibanez@colex.grupo-sm.com","twitter_card":"summary_large_image","twitter_misc":{"Escrito por":"augusto.ibanez@colex.grupo-sm.com","Est. tempo de leitura":"10 minutos"},"schema":{"@context":"https:\/\/schema.org","@graph":[{"@type":"Article","@id":"https:\/\/oes.fundacion-sm.org\/pt-br\/eduforics\/educacao-inclusiva-e-de-qualidade\/avaliacao-para-a-aprendizagem\/contra-o-mito-do-genio-o-pensamento-criativo-em-pisa-2022\/#article","isPartOf":{"@id":"https:\/\/oes.fundacion-sm.org\/pt-br\/eduforics\/educacao-inclusiva-e-de-qualidade\/avaliacao-para-a-aprendizagem\/contra-o-mito-do-genio-o-pensamento-criativo-em-pisa-2022\/"},"author":{"name":"augusto.ibanez@colex.grupo-sm.com","@id":"https:\/\/oes.fundacion-sm.org\/pt-br\/#\/schema\/person\/70b96ded1131a24f5e350d4bb3407aa2"},"headline":"Contra o mito do g\u00eanio: o pensamento criativo em PISA 2022","datePublished":"2024-06-27T09:44:26+00:00","dateModified":"2024-11-25T15:13:30+00:00","mainEntityOfPage":{"@id":"https:\/\/oes.fundacion-sm.org\/pt-br\/eduforics\/educacao-inclusiva-e-de-qualidade\/avaliacao-para-a-aprendizagem\/contra-o-mito-do-genio-o-pensamento-criativo-em-pisa-2022\/"},"wordCount":1876,"publisher":{"@id":"https:\/\/oes.fundacion-sm.org\/pt-br\/#organization"},"image":{"@id":"https:\/\/oes.fundacion-sm.org\/pt-br\/eduforics\/educacao-inclusiva-e-de-qualidade\/avaliacao-para-a-aprendizagem\/contra-o-mito-do-genio-o-pensamento-criativo-em-pisa-2022\/#primaryimage"},"thumbnailUrl":"https:\/\/oes.fundacion-sm.org\/wp-content\/uploads\/sites\/14\/2024\/06\/Creatividad-1174517163.jpg","articleSection":["Avalia\u00e7\u00e3o para a aprendizagem","EDUforics","Neuroci\u00eancias e aprendizagem essencial"],"inLanguage":"pt-BR"},{"@type":"WebPage","@id":"https:\/\/oes.fundacion-sm.org\/pt-br\/eduforics\/educacao-inclusiva-e-de-qualidade\/avaliacao-para-a-aprendizagem\/contra-o-mito-do-genio-o-pensamento-criativo-em-pisa-2022\/","url":"https:\/\/oes.fundacion-sm.org\/pt-br\/eduforics\/educacao-inclusiva-e-de-qualidade\/avaliacao-para-a-aprendizagem\/contra-o-mito-do-genio-o-pensamento-criativo-em-pisa-2022\/","name":"Contra o mito do g\u00eanio: o pensamento criativo em PISA 2022 - Observat\u00f3rio da escola na Ibero-Am\u00e9rica (OES)","isPartOf":{"@id":"https:\/\/oes.fundacion-sm.org\/pt-br\/#website"},"primaryImageOfPage":{"@id":"https:\/\/oes.fundacion-sm.org\/pt-br\/eduforics\/educacao-inclusiva-e-de-qualidade\/avaliacao-para-a-aprendizagem\/contra-o-mito-do-genio-o-pensamento-criativo-em-pisa-2022\/#primaryimage"},"image":{"@id":"https:\/\/oes.fundacion-sm.org\/pt-br\/eduforics\/educacao-inclusiva-e-de-qualidade\/avaliacao-para-a-aprendizagem\/contra-o-mito-do-genio-o-pensamento-criativo-em-pisa-2022\/#primaryimage"},"thumbnailUrl":"https:\/\/oes.fundacion-sm.org\/wp-content\/uploads\/sites\/14\/2024\/06\/Creatividad-1174517163.jpg","datePublished":"2024-06-27T09:44:26+00:00","dateModified":"2024-11-25T15:13:30+00:00","description":"A criatividade n\u00e3o \u00e9 um dom inato exclusivo de poucos, mas uma caracter\u00edstica da intelig\u00eancia que pode e deve ser cultivada, e a escola pode ser o lugar","breadcrumb":{"@id":"https:\/\/oes.fundacion-sm.org\/pt-br\/eduforics\/educacao-inclusiva-e-de-qualidade\/avaliacao-para-a-aprendizagem\/contra-o-mito-do-genio-o-pensamento-criativo-em-pisa-2022\/#breadcrumb"},"inLanguage":"pt-BR","potentialAction":[{"@type":"ReadAction","target":["https:\/\/oes.fundacion-sm.org\/pt-br\/eduforics\/educacao-inclusiva-e-de-qualidade\/avaliacao-para-a-aprendizagem\/contra-o-mito-do-genio-o-pensamento-criativo-em-pisa-2022\/"]}]},{"@type":"ImageObject","inLanguage":"pt-BR","@id":"https:\/\/oes.fundacion-sm.org\/pt-br\/eduforics\/educacao-inclusiva-e-de-qualidade\/avaliacao-para-a-aprendizagem\/contra-o-mito-do-genio-o-pensamento-criativo-em-pisa-2022\/#primaryimage","url":"https:\/\/oes.fundacion-sm.org\/wp-content\/uploads\/sites\/14\/2024\/06\/Creatividad-1174517163.jpg","contentUrl":"https:\/\/oes.fundacion-sm.org\/wp-content\/uploads\/sites\/14\/2024\/06\/Creatividad-1174517163.jpg","width":1200,"height":800,"caption":"LA educa\u00e7\u00e3o do pensamento criativo requer ambientes em que o fracasso seja tolerado e o esfor\u00e7o, em vez dos resultados, seja valorizado (img.: iStock)."},{"@type":"BreadcrumbList","@id":"https:\/\/oes.fundacion-sm.org\/pt-br\/eduforics\/educacao-inclusiva-e-de-qualidade\/avaliacao-para-a-aprendizagem\/contra-o-mito-do-genio-o-pensamento-criativo-em-pisa-2022\/#breadcrumb","itemListElement":[{"@type":"ListItem","position":1,"name":"Inicio","item":"https:\/\/oes.fundacion-sm.org\/pt-br\/"},{"@type":"ListItem","position":2,"name":"EDUforics","item":"https:\/\/oes.fundacion-sm.org\/pt-br\/eduforics\/"},{"@type":"ListItem","position":3,"name":"Educa\u00e7\u00e3o inclusiva e de qualidade","item":"https:\/\/oes.fundacion-sm.org\/pt-br\/eduforics\/educacao-inclusiva-e-de-qualidade\/"},{"@type":"ListItem","position":4,"name":"Avalia\u00e7\u00e3o para a aprendizagem","item":"https:\/\/oes.fundacion-sm.org\/pt-br\/eduforics\/educacao-inclusiva-e-de-qualidade\/avaliacao-para-a-aprendizagem\/"},{"@type":"ListItem","position":5,"name":"Contra o mito do g\u00eanio: o pensamento criativo em PISA 2022"}]},{"@type":"WebSite","@id":"https:\/\/oes.fundacion-sm.org\/pt-br\/#website","url":"https:\/\/oes.fundacion-sm.org\/pt-br\/","name":"Observat\u00f3rio da escola na Ibero-Am\u00e9rica (OES)","description":"Funda\u00e7\u00e3o SM","publisher":{"@id":"https:\/\/oes.fundacion-sm.org\/pt-br\/#organization"},"alternateName":"OES","potentialAction":[{"@type":"SearchAction","target":{"@type":"EntryPoint","urlTemplate":"https:\/\/oes.fundacion-sm.org\/pt-br\/?s={search_term_string}"},"query-input":{"@type":"PropertyValueSpecification","valueRequired":true,"valueName":"search_term_string"}}],"inLanguage":"pt-BR"},{"@type":"Organization","@id":"https:\/\/oes.fundacion-sm.org\/pt-br\/#organization","name":"Fundaci\u00f3n SM","url":"https:\/\/oes.fundacion-sm.org\/pt-br\/","logo":{"@type":"ImageObject","inLanguage":"pt-BR","@id":"https:\/\/oes.fundacion-sm.org\/pt-br\/#\/schema\/logo\/image\/","url":"https:\/\/oes.fundacion-sm.org\/wp-content\/uploads\/sites\/14\/2023\/10\/logotipo-fundacion-sm.png","contentUrl":"https:\/\/oes.fundacion-sm.org\/wp-content\/uploads\/sites\/14\/2023\/10\/logotipo-fundacion-sm.png","width":447,"height":85,"caption":"Fundaci\u00f3n SM"},"image":{"@id":"https:\/\/oes.fundacion-sm.org\/pt-br\/#\/schema\/logo\/image\/"}},{"@type":"Person","@id":"https:\/\/oes.fundacion-sm.org\/pt-br\/#\/schema\/person\/70b96ded1131a24f5e350d4bb3407aa2","name":"augusto.ibanez@colex.grupo-sm.com"}]}},"_links":{"self":[{"href":"https:\/\/oes.fundacion-sm.org\/pt-br\/wp-json\/wp\/v2\/posts\/16453","targetHints":{"allow":["GET"]}}],"collection":[{"href":"https:\/\/oes.fundacion-sm.org\/pt-br\/wp-json\/wp\/v2\/posts"}],"about":[{"href":"https:\/\/oes.fundacion-sm.org\/pt-br\/wp-json\/wp\/v2\/types\/post"}],"author":[{"embeddable":true,"href":"https:\/\/oes.fundacion-sm.org\/pt-br\/wp-json\/wp\/v2\/users\/8"}],"replies":[{"embeddable":true,"href":"https:\/\/oes.fundacion-sm.org\/pt-br\/wp-json\/wp\/v2\/comments?post=16453"}],"version-history":[{"count":5,"href":"https:\/\/oes.fundacion-sm.org\/pt-br\/wp-json\/wp\/v2\/posts\/16453\/revisions"}],"predecessor-version":[{"id":16458,"href":"https:\/\/oes.fundacion-sm.org\/pt-br\/wp-json\/wp\/v2\/posts\/16453\/revisions\/16458"}],"wp:featuredmedia":[{"embeddable":true,"href":"https:\/\/oes.fundacion-sm.org\/pt-br\/wp-json\/wp\/v2\/media\/14897"}],"wp:attachment":[{"href":"https:\/\/oes.fundacion-sm.org\/pt-br\/wp-json\/wp\/v2\/media?parent=16453"}],"wp:term":[{"taxonomy":"category","embeddable":true,"href":"https:\/\/oes.fundacion-sm.org\/pt-br\/wp-json\/wp\/v2\/categories?post=16453"},{"taxonomy":"post_tag","embeddable":true,"href":"https:\/\/oes.fundacion-sm.org\/pt-br\/wp-json\/wp\/v2\/tags?post=16453"}],"curies":[{"name":"wp","href":"https:\/\/api.w.org\/{rel}","templated":true}]}}