{"id":21634,"date":"2026-08-31T13:20:18","date_gmt":"2026-08-31T11:20:18","guid":{"rendered":"https:\/\/oes.fundacion-sm.org\/?p=21634"},"modified":"2026-08-31T13:21:54","modified_gmt":"2026-08-31T11:21:54","slug":"educacao-pelo-direito-de-respirar-ar-puro-materiais-didaticos-para-educadores","status":"publish","type":"post","link":"https:\/\/oes.fundacion-sm.org\/pt-br\/eduforics\/educacao-inclusiva-e-de-qualidade\/educacao-desenvolvimento-sustentavel\/educacao-pelo-direito-de-respirar-ar-puro-materiais-didaticos-para-educadores\/","title":{"rendered":"Educa\u00e7\u00e3o pelo direito de respirar ar puro: Materiais did\u00e1ticos para educadores"},"content":{"rendered":"\t\t<div data-elementor-type=\"wp-post\" data-elementor-id=\"21634\" class=\"elementor elementor-21634\" data-elementor-post-type=\"post\">\n\t\t\t\t\t\t<section class=\"elementor-section elementor-top-section elementor-element elementor-element-20c13f8 elementor-section-boxed elementor-section-height-default elementor-section-height-default\" data-id=\"20c13f8\" data-element_type=\"section\">\n\t\t\t\t\t\t<div class=\"elementor-container elementor-column-gap-default\">\n\t\t\t\t\t<div class=\"elementor-column elementor-col-100 elementor-top-column elementor-element elementor-element-1cbf924\" data-id=\"1cbf924\" data-element_type=\"column\">\n\t\t\t<div class=\"elementor-widget-wrap elementor-element-populated\">\n\t\t\t\t\t\t<div class=\"elementor-element elementor-element-82f1bab elementor-widget elementor-widget-bloque-texto\" data-id=\"82f1bab\" data-element_type=\"widget\" data-widget_type=\"bloque-texto.default\">\n\t\t\t\t<div class=\"elementor-widget-container\">\n\t\t\t\t\t<!-- Texto -->\n<section class=\"bloque bloque-texto  \">\n    <div class=\"container\">\n        <div class=\"estrecho2\">\n                        <div class=\"subtitulos\" data-aos=\"fade-left\" data-aos-duration=\"700\"><p><span>Respirar ar puro, ter acesso \u00e0 \u00e1gua pot\u00e1vel e viver em seguran\u00e7a diante das mudan\u00e7as clim\u00e1ticas s\u00e3o direitos. Educar para esses direitos \u00e9 tamb\u00e9m educar para o cuidado com a vida e com os territ\u00f3rios. O texto prop\u00f5e \u00e0s escolas e aos educadores quest\u00f5es chaves para abordar o assunto com os estudantes e apresenta uma s\u00e9rie de recursos did\u00e1ticos para esse trabalho pedag\u00f3gico.\u00a0<\/span><span>\u00a0<\/span><\/p><\/div>\n            \n            <div class=\"row\">\n                <div class=\"col-sm-12\">\n                    <div class=\"the_content\" data-aos=\"fade-up\" data-aos-duration=\"700\">\n                        <h2><b><span data-contrast=\"auto\">Pelo direito de respirar ar puro, acesso \u00e0 \u00e1gua pot\u00e1vel e seguran\u00e7a clim\u00e1tica<\/span><\/b><span data-ccp-props=\"{&quot;134245418&quot;:true,&quot;134245529&quot;:true,&quot;335551550&quot;:6,&quot;335551620&quot;:6,&quot;335559738&quot;:0,&quot;335559739&quot;:0}\">\u00a0<\/span><\/h2>\n<p><span data-contrast=\"auto\">Viver em um ambiente ecologicamente equilibrado \u00e9 um direito de todas e todos e est\u00e1 diretamente relacionado \u00e0 qualidade de vida e \u00e0 prote\u00e7\u00e3o das diferentes formas de vida. O Art. 225 da <\/span><a href=\"https:\/\/www.planalto.gov.br\/ccivil_03\/constituicao\/constituicao.htm\" target=\"_blank\" rel=\"noopener\"><span data-contrast=\"auto\">Constitui\u00e7\u00e3o Federal<\/span><\/a><span data-contrast=\"auto\"> de 1988 estabelece que o meio ambiente ecologicamente equilibrado \u00e9 um bem de uso comum do povo e essencial \u00e0 sadia qualidade de vida.\u00a0<\/span><span data-ccp-props=\"{&quot;335551550&quot;:6,&quot;335551620&quot;:6,&quot;335559731&quot;:720,&quot;335559738&quot;:0,&quot;335559739&quot;:0}\">\u00a0<\/span><\/p>\n<p><span data-contrast=\"auto\">Na Amaz\u00f4nia, esse direito est\u00e1 profundamente relacionado \u00e0 prote\u00e7\u00e3o das florestas, das \u00e1guas, dos territ\u00f3rios e dos modos de vida dos povos e comunidades que historicamente cuidam desses ecossistemas. Como afirma o Papa Francisco em <\/span><a href=\"https:\/\/www.vatican.va\/content\/francesco\/pt\/apost_exhortations\/documents\/papa-francesco_esortazione-ap_20200202_querida-amazonia.html\" target=\"_blank\" rel=\"noopener\"><i><span data-contrast=\"auto\">Querida Amaz\u00f4nia<\/span><\/i><\/a><span data-contrast=\"auto\">, <\/span><b><span data-contrast=\"auto\">\u201co cuidado das pessoas e o cuidado dos ecossistemas s\u00e3o insepar\u00e1veis\u201d<\/span><\/b><span data-contrast=\"auto\">. Essa perspectiva tamb\u00e9m nos convida a compreender que a educa\u00e7\u00e3o \u00e9 parte fundamental da constru\u00e7\u00e3o de uma sociedade comprometida com a justi\u00e7a socioambiental. N\u00e3o se trata apenas de transmitir informa\u00e7\u00f5es sobre mudan\u00e7as clim\u00e1ticas, queimadas, qualidade do ar ou acesso \u00e0 \u00e1gua, mas de promover conhecimentos, atitudes e pr\u00e1ticas capazes de fortalecer o cuidado com a vida e com os territ\u00f3rios. No mesmo documento, o Papa<\/span> <span data-contrast=\"auto\">Francisco destaca ainda que uma ecologia integral inclui uma dimens\u00e3o educativa, capaz de favorecer novos h\u00e1bitos e estilos de vida mais respons\u00e1veis, solid\u00e1rios e respeitosos com os limites da natureza.\u00a0<\/span><span data-ccp-props=\"{&quot;335551550&quot;:6,&quot;335551620&quot;:6,&quot;335559731&quot;:720,&quot;335559738&quot;:0,&quot;335559739&quot;:0}\">\u00a0<\/span><\/p>\n<p><span data-contrast=\"auto\">\u00c9 nesse<\/span> <span data-contrast=\"auto\">contexto que se insere a campanha <\/span><b><span data-contrast=\"auto\">Pelo Direito de Respirar Ar Puro, Acesso \u00e0 \u00c1gua Pot\u00e1vel e Seguran\u00e7a Clim\u00e1tica<\/span><\/b><span data-contrast=\"auto\">, da <\/span><a href=\"https:\/\/iribrasil.org\/\" target=\"_blank\" rel=\"noopener\"><span data-contrast=\"auto\">Iniciativa Inter-Religiosa pelas Florestas Tropicais<\/span><\/a><span data-contrast=\"auto\"> (IRI-Brasil). A iniciativa disponibiliza gratuitamente uma cole\u00e7\u00e3o de <\/span><b><span data-contrast=\"auto\">72 guias educativos<\/span><\/b><span data-contrast=\"auto\">, elaborados para dialogar com a diversidade cultural e religiosa da Amaz\u00f4nia Legal e que podem ser utilizados por escolas, educadores, organiza\u00e7\u00f5es, comunidades e diferentes grupos sociais.<\/span><\/p>\n                    <\/div>\n                <\/div>\n            <\/div>\n        <\/div>\n    <\/div>\n<\/section>\t\t\t\t<\/div>\n\t\t\t\t<\/div>\n\t\t\t\t<div class=\"elementor-element elementor-element-cf0d272 elementor-widget elementor-widget-bloque-imagen-articulo\" data-id=\"cf0d272\" data-element_type=\"widget\" data-widget_type=\"bloque-imagen-articulo.default\">\n\t\t\t\t<div class=\"elementor-widget-container\">\n\t\t\t\t\t<!-- Texto -->\n<section class=\"bloque bloque-texto  \">\n    <div class=\"container\">\n        <div class=\"estrecho2\">\n                        <div class=\"row\">\n                <div class=\"col-sm-12\">\n                    <div class=\"the_content\" data-aos=\"fade-up\" data-aos-duration=\"700\">\n                        <figure class=\"figure imagen2 imagen-centrada\">\n                            <div class=\"image\">\n                                                                <a href=\"https:\/\/oes.fundacion-sm.org\/wp-content\/uploads\/sites\/14\/2026\/08\/Campana.png\" >\n                                                                <img decoding=\"async\" src=\"https:\/\/oes.fundacion-sm.org\/wp-content\/uploads\/sites\/14\/2026\/08\/Campana.png\" class=\"figure-img img-fluid\" alt=\"\">\n                                                                <\/a>\n                                \n                                                                <figcaption class=\"figure-caption\">magem: Campanha pelo direito de respirar ar puro \n\nFonte: IRI \u2013 Brasil (.https:\/\/iribrasil.org\/campanhas-1\/). <\/figcaption>\n                                                            <\/div>\n                        <\/figure>\n                    <\/div>\n                <\/div>\n            <\/div>\n        <\/div>\n    <\/div>\n<\/section>\t\t\t\t<\/div>\n\t\t\t\t<\/div>\n\t\t\t\t<div class=\"elementor-element elementor-element-7342323 elementor-widget elementor-widget-bloque-texto\" data-id=\"7342323\" data-element_type=\"widget\" data-widget_type=\"bloque-texto.default\">\n\t\t\t\t<div class=\"elementor-widget-container\">\n\t\t\t\t\t<!-- Texto -->\n<section class=\"bloque bloque-texto  \">\n    <div class=\"container\">\n        <div class=\"estrecho2\">\n            \n            <div class=\"row\">\n                <div class=\"col-sm-12\">\n                    <div class=\"the_content\" data-aos=\"fade-up\" data-aos-duration=\"700\">\n                        <p><span data-contrast=\"auto\">A campanha prop\u00f5e olhar para a Amaz\u00f4nia como territ\u00f3rio de aprendizagem e como refer\u00eancia para refletirmos sobre os desafios socioambientais contempor\u00e2neos. Por meio das hist\u00f3rias, conhecimentos e experi\u00eancias presentes nos materiais, somos convidados a ampliar nossa percep\u00e7\u00e3o sobre o cuidado com o ambiente e a aprimorarmos nossas pr\u00e1ticas coletivas. <\/span><span data-ccp-props=\"{&quot;335551550&quot;:6,&quot;335551620&quot;:6,&quot;335559731&quot;:720,&quot;335559738&quot;:0,&quot;335559739&quot;:0}\">\u00a0<\/span><\/p>\n<h3><b><span data-contrast=\"auto\">1. Educa\u00e7\u00e3o pelo direito de respirar ar puro<\/span><\/b><span data-ccp-props=\"{&quot;134245418&quot;:true,&quot;134245529&quot;:true,&quot;335559685&quot;:284,&quot;335559738&quot;:0,&quot;335559739&quot;:0,&quot;335559991&quot;:284}\">\u00a0<\/span><\/h3>\n<p><span data-contrast=\"auto\">Respirar ar puro est\u00e1 relacionado ao direito \u00e0 sa\u00fade, \u00e0 qualidade de vida e a um ambiente equilibrado. As queimadas, a polui\u00e7\u00e3o e outros impactos ambientais afetam diretamente as pessoas e os territ\u00f3rios. Como a educa\u00e7\u00e3o pode contribuir para que crian\u00e7as, jovens e comunidades reconhe\u00e7am o ar, a \u00e1gua e o ambiente saud\u00e1vel como direitos e participem de sua prote\u00e7\u00e3o?<\/span><\/p>\n<h3><b><span data-contrast=\"auto\">2. Educa\u00e7\u00e3o clim\u00e1tica e cuidado com os territ\u00f3rios<\/span><\/b><\/h3>\n<p><span data-contrast=\"auto\">A crise clim\u00e1tica n\u00e3o se manifesta da mesma maneira em todos os territ\u00f3rios. Na Amaz\u00f4nia, secas, enchentes, queimadas e altera\u00e7\u00f5es nos ciclos das \u00e1guas impactam comunidades, modos de vida, biodiversidade e formas de produ\u00e7\u00e3o e reprodu\u00e7\u00e3o da vida. Educar para a quest\u00e3o clim\u00e1tica significa tamb\u00e9m valorizar os conhecimentos dos povos e comunidades tradicionais e compreender que cuidar das florestas, das \u00e1guas e dos territ\u00f3rios \u00e9 cuidar das pessoas.\u00a0<\/span><span data-ccp-props=\"{&quot;335551550&quot;:6,&quot;335551620&quot;:6,&quot;335559738&quot;:0,&quot;335559739&quot;:0}\">\u00a0<\/span><\/p>\n<p><span data-contrast=\"auto\">Que conhecimentos e experi\u00eancias presentes nos territ\u00f3rios podem contribuir para uma educa\u00e7\u00e3o clim\u00e1tica mais contextualizada, participativa e comprometida com a justi\u00e7a socioambiental?<\/span><span data-ccp-props=\"{&quot;335551550&quot;:6,&quot;335551620&quot;:6,&quot;335559738&quot;:0,&quot;335559739&quot;:0}\">\u00a0<\/span><\/p>\n<h3><strong>3. Educa\u00e7\u00e3o para novos h\u00e1bitos e pr\u00e1ticas de cuidado<\/strong><\/h3>\n<p><span data-contrast=\"auto\">A educa\u00e7\u00e3o ambiental e clim\u00e1tica n\u00e3o se encerra no acesso \u00e0 informa\u00e7\u00e3o. Ela pode contribuir para a constru\u00e7\u00e3o de novos h\u00e1bitos, escolhas e formas de conviv\u00eancia com a natureza. Nesse sentido, escolas e comunidades podem ser espa\u00e7os de aprendizagem, di\u00e1logo e mobiliza\u00e7\u00e3o, fortalecendo pr\u00e1ticas de cuidado com a \u00e1gua, o ar, as florestas e os demais bens comuns. Como transformar conhecimento em pr\u00e1ticas cotidianas de cuidado e em a\u00e7\u00f5es coletivas de prote\u00e7\u00e3o dos territ\u00f3rios?<\/span><span data-ccp-props=\"{&quot;335551550&quot;:6,&quot;335551620&quot;:6,&quot;335559738&quot;:0,&quot;335559739&quot;:0}\">\u00a0<\/span><\/p>\n<p><span data-contrast=\"auto\">Como parceira institucional da <\/span><b><span data-contrast=\"auto\">IRI-Brasil<\/span><\/b><span data-contrast=\"auto\">, a <\/span><b><span data-contrast=\"auto\">Funda\u00e7\u00e3o SM<\/span><\/b><span data-contrast=\"auto\"> convida escolas, educadores e comunidades educativas a conhecerem e utilizarem os materiais da campanha como recursos complementares para pr\u00e1ticas pedag\u00f3gicas e a\u00e7\u00f5es de educa\u00e7\u00e3o socioambiental. A educa\u00e7\u00e3o tamb\u00e9m acontece quando compartilhamos informa\u00e7\u00f5es, criamos espa\u00e7os de di\u00e1logo e mobilizamos outras pessoas.<\/span><span data-ccp-props=\"{&quot;335551550&quot;:6,&quot;335551620&quot;:6,&quot;335559738&quot;:0,&quot;335559739&quot;:0}\">\u00a0<\/span><\/p>\n<h2><b><span data-contrast=\"auto\">Materiais did\u00e1ticos e<\/span><\/b> <b><span data-contrast=\"auto\">de comunica\u00e7\u00e3o da campanha<\/span><\/b><span data-ccp-props=\"{&quot;134233117&quot;:false,&quot;134233118&quot;:false,&quot;335559738&quot;:0,&quot;335559739&quot;:0}\">\u00a0<\/span><\/h2>\n<ul>\n<li data-leveltext=\"\uf0b7\" data-font=\"Symbol\" data-listid=\"3\" data-list-defn-props=\"{&quot;335552541&quot;:1,&quot;335559683&quot;:0,&quot;335559684&quot;:-2,&quot;335559685&quot;:720,&quot;335559991&quot;:360,&quot;469769226&quot;:&quot;Symbol&quot;,&quot;469769242&quot;:[8226],&quot;469777803&quot;:&quot;left&quot;,&quot;469777804&quot;:&quot;\uf0b7&quot;,&quot;469777815&quot;:&quot;hybridMultilevel&quot;}\" data-aria-posinset=\"1\" data-aria-level=\"1\">\u00a0<a href=\"https:\/\/iribrasil.org\/campanhas-1\/?utm_source=chatgpt.com\" target=\"_blank\" rel=\"noopener\"><span data-contrast=\"none\">Guias para comunidades cat\u00f3licas e de outras religi\u00f5es que podem ser utilizados por professores de Ensino Religioso em geral.<\/span><\/a><span data-contrast=\"none\">\u00a0<\/span><span data-ccp-props=\"{&quot;134233117&quot;:false,&quot;134233118&quot;:false,&quot;335559738&quot;:0,&quot;335559739&quot;:0}\">\u00a0<\/span><\/li>\n<\/ul>\n<ul>\n<li data-leveltext=\"\uf0b7\" data-font=\"Symbol\" data-listid=\"3\" data-list-defn-props=\"{&quot;335552541&quot;:1,&quot;335559683&quot;:0,&quot;335559684&quot;:-2,&quot;335559685&quot;:720,&quot;335559991&quot;:360,&quot;469769226&quot;:&quot;Symbol&quot;,&quot;469769242&quot;:[8226],&quot;469777803&quot;:&quot;left&quot;,&quot;469777804&quot;:&quot;\uf0b7&quot;,&quot;469777815&quot;:&quot;hybridMultilevel&quot;}\" data-aria-posinset=\"2\" data-aria-level=\"1\"><a href=\"https:\/\/drive.google.com\/drive\/folders\/14ustayIgcx4TR8kxFQsCSuY9vctCCa0z?utm_source=chatgpt.com\" target=\"_blank\" rel=\"noopener\"><span data-contrast=\"none\">Materiais para redes sociais \u2014 v\u00eddeos, cards e carross\u00e9is<\/span><\/a>.<span data-ccp-props=\"{&quot;134233117&quot;:false,&quot;134233118&quot;:false,&quot;335559738&quot;:0,&quot;335559739&quot;:0}\">\u00a0<\/span><\/li>\n<\/ul>\n<ul>\n<li data-leveltext=\"\uf0b7\" data-font=\"Symbol\" data-listid=\"3\" data-list-defn-props=\"{&quot;335552541&quot;:1,&quot;335559683&quot;:0,&quot;335559684&quot;:-2,&quot;335559685&quot;:720,&quot;335559991&quot;:360,&quot;469769226&quot;:&quot;Symbol&quot;,&quot;469769242&quot;:[8226],&quot;469777803&quot;:&quot;left&quot;,&quot;469777804&quot;:&quot;\uf0b7&quot;,&quot;469777815&quot;:&quot;hybridMultilevel&quot;}\" data-aria-posinset=\"3\" data-aria-level=\"1\"><a href=\"https:\/\/iribrasil.org\/campanhas-1\/?utm_source=chatgpt.com\" target=\"_blank\" rel=\"noopener\"><span data-contrast=\"none\"> Spots de r\u00e1dio da campanha.<\/span><\/a><span data-ccp-props=\"{&quot;134233117&quot;:false,&quot;134233118&quot;:false,&quot;335559738&quot;:0,&quot;335559739&quot;:0}\">\u00a0<\/span><\/li>\n<\/ul>\n<ul>\n<li data-leveltext=\"\uf0b7\" data-font=\"Symbol\" data-listid=\"3\" data-list-defn-props=\"{&quot;335552541&quot;:1,&quot;335559683&quot;:0,&quot;335559684&quot;:-2,&quot;335559685&quot;:720,&quot;335559991&quot;:360,&quot;469769226&quot;:&quot;Symbol&quot;,&quot;469769242&quot;:[8226],&quot;469777803&quot;:&quot;left&quot;,&quot;469777804&quot;:&quot;\uf0b7&quot;,&quot;469777815&quot;:&quot;hybridMultilevel&quot;}\" data-aria-posinset=\"4\" data-aria-level=\"1\"><a href=\"https:\/\/drive.google.com\/file\/d\/1LriEgpkv4yHBB5i_ZvmiVnVH-kFXCLV6\/view?usp=drivesdk&amp;utm_source=chatgpt.com\" target=\"_blank\" rel=\"noopener\"><span data-contrast=\"none\"> Release da campanha<\/span><\/a>.<span data-ccp-props=\"{&quot;134233117&quot;:false,&quot;134233118&quot;:false,&quot;335559738&quot;:0,&quot;335559739&quot;:0}\">\u00a0<\/span><\/li>\n<\/ul>\n<p><b><span data-contrast=\"auto\">Materiais pedag\u00f3gicos do CEMADEN Educa\u00e7\u00e3o\u00a0<\/span><\/b><span data-ccp-props=\"{&quot;134233117&quot;:false,&quot;134233118&quot;:false,&quot;335559738&quot;:0,&quot;335559739&quot;:0}\">\u00a0<\/span><\/p>\n<p><span data-contrast=\"auto\">Uma proposta para educar, refletir e agir:<\/span> <span data-contrast=\"auto\">conhecer os materiais, relacion\u00e1-los \u00e0 realidade do territ\u00f3rio e transformar informa\u00e7\u00e3o em pr\u00e1ticas de cuidado com o ar, a \u00e1gua, o clima e todas as formas de vida.<\/span><span data-ccp-props=\"{&quot;134233117&quot;:false,&quot;134233118&quot;:false,&quot;335551550&quot;:6,&quot;335551620&quot;:6,&quot;335559738&quot;:0,&quot;335559739&quot;:0}\">\u00a0<\/span><\/p>\n<ul>\n<li><b><span data-contrast=\"auto\">Clima \u2013 vers\u00e3o Educa\u00e7\u00e3o Infantil e Ensino Fundamental \u2013 Anos Iniciais.\u00a0<\/span><\/b><a href=\"https:\/\/drive.google.com\/file\/d\/1a0b7i2zHcSsHDTKKhyZZfOio08vUIhHd\/view\" target=\"_blank\" rel=\"noopener\"><span data-contrast=\"none\">Acessar o material.<\/span><\/a><\/li>\n<li><b><span data-contrast=\"auto\">Clima \u2013 vers\u00e3o Ensino Fundamental \u2013 Anos Finais. <\/span><\/b><a href=\"https:\/\/drive.google.com\/file\/d\/1Y12N9ZUmxS5Zm9TTIF4ySuX7pCkYPsXQ\/view\" target=\"_blank\" rel=\"noopener\"><span data-contrast=\"none\">Acessar o material.<\/span><\/a><\/li>\n<li><b><span data-contrast=\"auto\">Clima \u2013 vers\u00e3o Ensino M\u00e9dio. <\/span><\/b><a href=\"https:\/\/drive.google.com\/file\/d\/1F_I93C41_H2_oftresEUnTkybkx8PFni\/view\" target=\"_blank\" rel=\"noopener\"><span data-contrast=\"none\">Acessar o material.<\/span><\/a><span data-ccp-props=\"{&quot;134233117&quot;:false,&quot;134233118&quot;:false,&quot;335559738&quot;:0,&quot;335559739&quot;:0}\">\u00a0<\/span><\/li>\n<\/ul>\n<p><span data-ccp-props=\"{&quot;335559738&quot;:0,&quot;335559739&quot;:0}\">\u00a0<\/span><\/p>\n                    <\/div>\n                <\/div>\n            <\/div>\n        <\/div>\n    <\/div>\n<\/section>\t\t\t\t<\/div>\n\t\t\t\t<\/div>\n\t\t\t\t<div class=\"elementor-element elementor-element-b148b89 elementor-widget elementor-widget-bloque-blog-2\" data-id=\"b148b89\" data-element_type=\"widget\" data-widget_type=\"bloque-blog-2.default\">\n\t\t\t\t<div class=\"elementor-widget-container\">\n\t\t\t\t\t\n\n<!-- Bloque Blog -->\n<div class=\"container\">\n    <div class=\"row titulo-con-enlace\">\n        <div class=\"col-12\">\n            <h2 class=\"titulos\" data-aos=\"fade-left\" data-aos-duration=\"700\">Postagens relacionadas<\/h2>                        <a href=\"https:\/\/oes.fundacion-sm.org\/eduforics\/\" data-aos=\"fade-right\" data-aos-duration=\"700\" class=\"enlace btn-arrow\" title=\"Ver mais\"><span>Ver mais<\/span><\/a>\n                    <\/div>\n    <\/div>\n<\/div>\n<section class=\"bloque bloque-blog bloqueyfmegvpkar  diseno-eduforics \">\n    <div class=\"container\">\n        <div class=\"background  \">\n            <div class=\"estrecho\">\n                <div class=\"row ultimas\">\n                                                            <div class=\"col-12 col-sm-6 d-flex align-items-stretch\" data-aos=\"fade-up\" data-aos-delay=\"200\" data-aos-duration=\"700\">\n                                    <a class=\"noticia \" href=\"https:\/\/oes.fundacion-sm.org\/pt-br\/eduforics\/educacao-inclusiva-e-de-qualidade\/educacao-desenvolvimento-sustentavel\/educacao-pelo-direito-de-respirar-ar-puro-materiais-didaticos-para-educadores\/\">\n    <div class=\"image\">\n        <img fetchpriority=\"high\" decoding=\"async\" width=\"890\" height=\"560\" src=\"https:\/\/oes.fundacion-sm.org\/wp-content\/uploads\/sites\/14\/2026\/08\/pexels-miguel-negrao-498264462-36252725-1-890x560.jpg\" class=\"img-fluid wp-post-image\" alt=\"\" srcset=\"https:\/\/oes.fundacion-sm.org\/wp-content\/uploads\/sites\/14\/2026\/08\/pexels-miguel-negrao-498264462-36252725-1-890x560.jpg 890w, https:\/\/oes.fundacion-sm.org\/wp-content\/uploads\/sites\/14\/2026\/08\/pexels-miguel-negrao-498264462-36252725-1-1056x664.jpg 1056w\" sizes=\"(max-width: 890px) 100vw, 890px\" \/>    <\/div>\n    <div class=\"datos\">\n        <div class=\"categoria\">Educa\u00e7\u00e3o para o desenvolvimento sustent\u00e1vel<\/div>\n        <h3 class=\"subtitulos\">Educa\u00e7\u00e3o pelo direito de respirar ar puro: Materiais did\u00e1ticos para educadores<\/h3>\n                <div class=\"autor\">Por <em>Equipe Funda\u00e7\u00e3o SM Brasil e Iniciativa Inter-Religiosa pelas Florestas Tropicais (IRI-Brasil)<\/em><\/div>\n            <\/div>\n<\/a>                                    <\/div>\n                                                                    <div class=\"col-12 col-sm-6 d-flex align-items-stretch\" data-aos=\"fade-up\" data-aos-delay=\"500\" data-aos-duration=\"700\">\n                                    <a class=\"noticia \" href=\"https:\/\/oes.fundacion-sm.org\/pt-br\/eduforics\/reimaginar-juntos-os-futuros\/tecnologias-e-aprendizagem\/educar-para-o-discernimento-acerca-da-ia\/\">\n    <div class=\"image\">\n        <img decoding=\"async\" width=\"890\" height=\"560\" src=\"https:\/\/oes.fundacion-sm.org\/wp-content\/uploads\/sites\/14\/2026\/08\/IA-2254315945-890x560.png\" class=\"img-fluid wp-post-image\" alt=\"\" srcset=\"https:\/\/oes.fundacion-sm.org\/wp-content\/uploads\/sites\/14\/2026\/08\/IA-2254315945-890x560.png 890w, https:\/\/oes.fundacion-sm.org\/wp-content\/uploads\/sites\/14\/2026\/08\/IA-2254315945-1056x664.png 1056w\" sizes=\"(max-width: 890px) 100vw, 890px\" \/>    <\/div>\n    <div class=\"datos\">\n        <div class=\"categoria\">Tecnologias e aprendizagem<\/div>\n        <h3 class=\"subtitulos\">Educar para o discernimento acerca da IA. Por uma compreens\u00e3o integral da intelig\u00eancia humana<\/h3>\n                <div class=\"autor\">Por <em>Humberto Herrera Contreras<\/em><\/div>\n            <\/div>\n<\/a>                                    <\/div>\n                                                <\/div>\n            <\/div>\n        <\/div>\n    <\/div>\n<\/section>\n\n\t\t\t\t<\/div>\n\t\t\t\t<\/div>\n\t\t\t\t\t<\/div>\n\t\t<\/div>\n\t\t\t\t\t<\/div>\n\t\t<\/section>\n\t\t\t\t<\/div>\n\t\t","protected":false},"excerpt":{"rendered":"<p>Respirar ar puro, ter acesso \u00e0 \u00e1gua pot\u00e1vel e viver em seguran\u00e7a diante das mudan\u00e7as clim\u00e1ticas s\u00e3o direitos. Educar para esses direitos \u00e9 tamb\u00e9m educar para o cuidado com a vida e com os territ\u00f3rios. O texto prop\u00f5e \u00e0s escolas e aos educadores quest\u00f5es chaves para abordar o assunto com os estudantes e apresenta uma [&hellip;]<\/p>\n","protected":false},"author":8,"featured_media":21637,"comment_status":"closed","ping_status":"closed","sticky":false,"template":"","format":"standard","meta":{"_acf_changed":false,"footnotes":""},"categories":[58,36],"tags":[],"class_list":["post-21634","post","type-post","status-publish","format-standard","has-post-thumbnail","hentry","category-educacao-desenvolvimento-sustentavel","category-eduforics"],"acf":[],"yoast_head":"<!-- This site is optimized with the Yoast SEO plugin v26.7 - https:\/\/yoast.com\/wordpress\/plugins\/seo\/ -->\n<title>Educa\u00e7\u00e3o pelo direito de respirar ar puro: Materiais did\u00e1ticos para educadores - Eduforics - Observat\u00f3rio da escola na Ibero-Am\u00e9rica (OES)<\/title>\n<meta name=\"description\" content=\"Respirar ar puro, ter acesso \u00e0 \u00e1gua pot\u00e1vel e viver em seguran\u00e7a diante das mudan\u00e7as clim\u00e1ticas s\u00e3o direitos. Educar para esses direitos \u00e9 tamb\u00e9m educar\" \/>\n<meta name=\"robots\" content=\"index, follow, max-snippet:-1, max-image-preview:large, max-video-preview:-1\" \/>\n<link rel=\"canonical\" href=\"https:\/\/oes.fundacion-sm.org\/pt-br\/eduforics\/educacao-inclusiva-e-de-qualidade\/educacao-desenvolvimento-sustentavel\/educacao-pelo-direito-de-respirar-ar-puro-materiais-didaticos-para-educadores\/\" \/>\n<meta property=\"og:locale\" content=\"pt_BR\" \/>\n<meta property=\"og:type\" content=\"article\" \/>\n<meta property=\"og:title\" content=\"Educa\u00e7\u00e3o pelo direito de respirar ar puro: Materiais did\u00e1ticos para educadores - Observat\u00f3rio da escola na Ibero-Am\u00e9rica (OES)\" \/>\n<meta property=\"og:description\" content=\"Respirar ar puro, ter acesso \u00e0 \u00e1gua pot\u00e1vel e viver em seguran\u00e7a diante das mudan\u00e7as clim\u00e1ticas s\u00e3o direitos. Educar para esses direitos \u00e9 tamb\u00e9m educar\" \/>\n<meta property=\"og:url\" content=\"https:\/\/oes.fundacion-sm.org\/pt-br\/eduforics\/educacao-inclusiva-e-de-qualidade\/educacao-desenvolvimento-sustentavel\/educacao-pelo-direito-de-respirar-ar-puro-materiais-didaticos-para-educadores\/\" \/>\n<meta property=\"og:site_name\" content=\"Observat\u00f3rio da escola na Ibero-Am\u00e9rica (OES)\" \/>\n<meta property=\"article:published_time\" content=\"2026-08-31T11:20:18+00:00\" \/>\n<meta property=\"article:modified_time\" content=\"2026-08-31T11:21:54+00:00\" \/>\n<meta property=\"og:image\" content=\"https:\/\/oes.fundacion-sm.org\/wp-content\/uploads\/sites\/14\/2026\/08\/pexels-miguel-negrao-498264462-36252725-1-1024x683.jpg\" \/>\n\t<meta property=\"og:image:width\" content=\"1024\" \/>\n\t<meta property=\"og:image:height\" content=\"683\" \/>\n\t<meta property=\"og:image:type\" content=\"image\/jpeg\" \/>\n<meta name=\"author\" content=\"augusto.ibanez@colex.grupo-sm.com\" \/>\n<meta name=\"twitter:card\" content=\"summary_large_image\" \/>\n<meta name=\"twitter:label1\" content=\"Escrito por\" \/>\n\t<meta name=\"twitter:data1\" content=\"augusto.ibanez@colex.grupo-sm.com\" \/>\n\t<meta name=\"twitter:label2\" content=\"Est. tempo de leitura\" \/>\n\t<meta name=\"twitter:data2\" content=\"6 minutos\" \/>\n<script type=\"application\/ld+json\" class=\"yoast-schema-graph\">{\"@context\":\"https:\/\/schema.org\",\"@graph\":[{\"@type\":\"Article\",\"@id\":\"https:\/\/oes.fundacion-sm.org\/pt-br\/eduforics\/educacao-inclusiva-e-de-qualidade\/educacao-desenvolvimento-sustentavel\/educacao-pelo-direito-de-respirar-ar-puro-materiais-didaticos-para-educadores\/#article\",\"isPartOf\":{\"@id\":\"https:\/\/oes.fundacion-sm.org\/pt-br\/eduforics\/educacao-inclusiva-e-de-qualidade\/educacao-desenvolvimento-sustentavel\/educacao-pelo-direito-de-respirar-ar-puro-materiais-didaticos-para-educadores\/\"},\"author\":{\"name\":\"augusto.ibanez@colex.grupo-sm.com\",\"@id\":\"https:\/\/oes.fundacion-sm.org\/pt-br\/#\/schema\/person\/70b96ded1131a24f5e350d4bb3407aa2\"},\"headline\":\"Educa\u00e7\u00e3o pelo direito de respirar ar puro: Materiais did\u00e1ticos para educadores\",\"datePublished\":\"2026-08-31T11:20:18+00:00\",\"dateModified\":\"2026-08-31T11:21:54+00:00\",\"mainEntityOfPage\":{\"@id\":\"https:\/\/oes.fundacion-sm.org\/pt-br\/eduforics\/educacao-inclusiva-e-de-qualidade\/educacao-desenvolvimento-sustentavel\/educacao-pelo-direito-de-respirar-ar-puro-materiais-didaticos-para-educadores\/\"},\"wordCount\":992,\"publisher\":{\"@id\":\"https:\/\/oes.fundacion-sm.org\/pt-br\/#organization\"},\"image\":{\"@id\":\"https:\/\/oes.fundacion-sm.org\/pt-br\/eduforics\/educacao-inclusiva-e-de-qualidade\/educacao-desenvolvimento-sustentavel\/educacao-pelo-direito-de-respirar-ar-puro-materiais-didaticos-para-educadores\/#primaryimage\"},\"thumbnailUrl\":\"https:\/\/oes.fundacion-sm.org\/wp-content\/uploads\/sites\/14\/2026\/08\/pexels-miguel-negrao-498264462-36252725-1.jpg\",\"articleSection\":[\"Educa\u00e7\u00e3o para o desenvolvimento sustent\u00e1vel\",\"EDUforics\"],\"inLanguage\":\"pt-BR\"},{\"@type\":\"WebPage\",\"@id\":\"https:\/\/oes.fundacion-sm.org\/pt-br\/eduforics\/educacao-inclusiva-e-de-qualidade\/educacao-desenvolvimento-sustentavel\/educacao-pelo-direito-de-respirar-ar-puro-materiais-didaticos-para-educadores\/\",\"url\":\"https:\/\/oes.fundacion-sm.org\/pt-br\/eduforics\/educacao-inclusiva-e-de-qualidade\/educacao-desenvolvimento-sustentavel\/educacao-pelo-direito-de-respirar-ar-puro-materiais-didaticos-para-educadores\/\",\"name\":\"Educa\u00e7\u00e3o pelo direito de respirar ar puro: Materiais did\u00e1ticos para educadores - Observat\u00f3rio da escola na Ibero-Am\u00e9rica (OES)\",\"isPartOf\":{\"@id\":\"https:\/\/oes.fundacion-sm.org\/pt-br\/#website\"},\"primaryImageOfPage\":{\"@id\":\"https:\/\/oes.fundacion-sm.org\/pt-br\/eduforics\/educacao-inclusiva-e-de-qualidade\/educacao-desenvolvimento-sustentavel\/educacao-pelo-direito-de-respirar-ar-puro-materiais-didaticos-para-educadores\/#primaryimage\"},\"image\":{\"@id\":\"https:\/\/oes.fundacion-sm.org\/pt-br\/eduforics\/educacao-inclusiva-e-de-qualidade\/educacao-desenvolvimento-sustentavel\/educacao-pelo-direito-de-respirar-ar-puro-materiais-didaticos-para-educadores\/#primaryimage\"},\"thumbnailUrl\":\"https:\/\/oes.fundacion-sm.org\/wp-content\/uploads\/sites\/14\/2026\/08\/pexels-miguel-negrao-498264462-36252725-1.jpg\",\"datePublished\":\"2026-08-31T11:20:18+00:00\",\"dateModified\":\"2026-08-31T11:21:54+00:00\",\"description\":\"Respirar ar puro, ter acesso \u00e0 \u00e1gua pot\u00e1vel e viver em seguran\u00e7a diante das mudan\u00e7as clim\u00e1ticas s\u00e3o direitos. Educar para esses direitos \u00e9 tamb\u00e9m educar\",\"breadcrumb\":{\"@id\":\"https:\/\/oes.fundacion-sm.org\/pt-br\/eduforics\/educacao-inclusiva-e-de-qualidade\/educacao-desenvolvimento-sustentavel\/educacao-pelo-direito-de-respirar-ar-puro-materiais-didaticos-para-educadores\/#breadcrumb\"},\"inLanguage\":\"pt-BR\",\"potentialAction\":[{\"@type\":\"ReadAction\",\"target\":[\"https:\/\/oes.fundacion-sm.org\/pt-br\/eduforics\/educacao-inclusiva-e-de-qualidade\/educacao-desenvolvimento-sustentavel\/educacao-pelo-direito-de-respirar-ar-puro-materiais-didaticos-para-educadores\/\"]}]},{\"@type\":\"ImageObject\",\"inLanguage\":\"pt-BR\",\"@id\":\"https:\/\/oes.fundacion-sm.org\/pt-br\/eduforics\/educacao-inclusiva-e-de-qualidade\/educacao-desenvolvimento-sustentavel\/educacao-pelo-direito-de-respirar-ar-puro-materiais-didaticos-para-educadores\/#primaryimage\",\"url\":\"https:\/\/oes.fundacion-sm.org\/wp-content\/uploads\/sites\/14\/2026\/08\/pexels-miguel-negrao-498264462-36252725-1.jpg\",\"contentUrl\":\"https:\/\/oes.fundacion-sm.org\/wp-content\/uploads\/sites\/14\/2026\/08\/pexels-miguel-negrao-498264462-36252725-1.jpg\",\"width\":6000,\"height\":4000,\"caption\":\"A educa\u00e7\u00e3o \u00e9 parte fundamental da constru\u00e7\u00e3o de uma sociedade comprometida com a justi\u00e7a socioambiental (imagem: Pexels).\"},{\"@type\":\"BreadcrumbList\",\"@id\":\"https:\/\/oes.fundacion-sm.org\/pt-br\/eduforics\/educacao-inclusiva-e-de-qualidade\/educacao-desenvolvimento-sustentavel\/educacao-pelo-direito-de-respirar-ar-puro-materiais-didaticos-para-educadores\/#breadcrumb\",\"itemListElement\":[{\"@type\":\"ListItem\",\"position\":1,\"name\":\"Inicio\",\"item\":\"https:\/\/oes.fundacion-sm.org\/pt-br\/\"},{\"@type\":\"ListItem\",\"position\":2,\"name\":\"EDUforics\",\"item\":\"https:\/\/oes.fundacion-sm.org\/pt-br\/eduforics\/\"},{\"@type\":\"ListItem\",\"position\":3,\"name\":\"Educa\u00e7\u00e3o inclusiva e de qualidade\",\"item\":\"https:\/\/oes.fundacion-sm.org\/pt-br\/eduforics\/educacao-inclusiva-e-de-qualidade\/\"},{\"@type\":\"ListItem\",\"position\":4,\"name\":\"Educa\u00e7\u00e3o para o desenvolvimento sustent\u00e1vel\",\"item\":\"https:\/\/oes.fundacion-sm.org\/pt-br\/eduforics\/educacao-inclusiva-e-de-qualidade\/educacao-desenvolvimento-sustentavel\/\"},{\"@type\":\"ListItem\",\"position\":5,\"name\":\"Educa\u00e7\u00e3o pelo direito de respirar ar puro: Materiais did\u00e1ticos para educadores\"}]},{\"@type\":\"WebSite\",\"@id\":\"https:\/\/oes.fundacion-sm.org\/pt-br\/#website\",\"url\":\"https:\/\/oes.fundacion-sm.org\/pt-br\/\",\"name\":\"Observat\u00f3rio da escola na Ibero-Am\u00e9rica (OES)\",\"description\":\"Funda\u00e7\u00e3o SM\",\"publisher\":{\"@id\":\"https:\/\/oes.fundacion-sm.org\/pt-br\/#organization\"},\"alternateName\":\"OES\",\"potentialAction\":[{\"@type\":\"SearchAction\",\"target\":{\"@type\":\"EntryPoint\",\"urlTemplate\":\"https:\/\/oes.fundacion-sm.org\/pt-br\/?s={search_term_string}\"},\"query-input\":{\"@type\":\"PropertyValueSpecification\",\"valueRequired\":true,\"valueName\":\"search_term_string\"}}],\"inLanguage\":\"pt-BR\"},{\"@type\":\"Organization\",\"@id\":\"https:\/\/oes.fundacion-sm.org\/pt-br\/#organization\",\"name\":\"Fundaci\u00f3n SM\",\"url\":\"https:\/\/oes.fundacion-sm.org\/pt-br\/\",\"logo\":{\"@type\":\"ImageObject\",\"inLanguage\":\"pt-BR\",\"@id\":\"https:\/\/oes.fundacion-sm.org\/pt-br\/#\/schema\/logo\/image\/\",\"url\":\"https:\/\/oes.fundacion-sm.org\/wp-content\/uploads\/sites\/14\/2023\/10\/logotipo-fundacion-sm.png\",\"contentUrl\":\"https:\/\/oes.fundacion-sm.org\/wp-content\/uploads\/sites\/14\/2023\/10\/logotipo-fundacion-sm.png\",\"width\":447,\"height\":85,\"caption\":\"Fundaci\u00f3n SM\"},\"image\":{\"@id\":\"https:\/\/oes.fundacion-sm.org\/pt-br\/#\/schema\/logo\/image\/\"}},{\"@type\":\"Person\",\"@id\":\"https:\/\/oes.fundacion-sm.org\/pt-br\/#\/schema\/person\/70b96ded1131a24f5e350d4bb3407aa2\",\"name\":\"augusto.ibanez@colex.grupo-sm.com\"}]}<\/script>\n<!-- \/ Yoast SEO plugin. -->","yoast_head_json":{"title":"Educa\u00e7\u00e3o pelo direito de respirar ar puro: Materiais did\u00e1ticos para educadores - Eduforics - Observat\u00f3rio da escola na Ibero-Am\u00e9rica (OES)","description":"Respirar ar puro, ter acesso \u00e0 \u00e1gua pot\u00e1vel e viver em seguran\u00e7a diante das mudan\u00e7as clim\u00e1ticas s\u00e3o direitos. Educar para esses direitos \u00e9 tamb\u00e9m educar","robots":{"index":"index","follow":"follow","max-snippet":"max-snippet:-1","max-image-preview":"max-image-preview:large","max-video-preview":"max-video-preview:-1"},"canonical":"https:\/\/oes.fundacion-sm.org\/pt-br\/eduforics\/educacao-inclusiva-e-de-qualidade\/educacao-desenvolvimento-sustentavel\/educacao-pelo-direito-de-respirar-ar-puro-materiais-didaticos-para-educadores\/","og_locale":"pt_BR","og_type":"article","og_title":"Educa\u00e7\u00e3o pelo direito de respirar ar puro: Materiais did\u00e1ticos para educadores - Observat\u00f3rio da escola na Ibero-Am\u00e9rica (OES)","og_description":"Respirar ar puro, ter acesso \u00e0 \u00e1gua pot\u00e1vel e viver em seguran\u00e7a diante das mudan\u00e7as clim\u00e1ticas s\u00e3o direitos. Educar para esses direitos \u00e9 tamb\u00e9m educar","og_url":"https:\/\/oes.fundacion-sm.org\/pt-br\/eduforics\/educacao-inclusiva-e-de-qualidade\/educacao-desenvolvimento-sustentavel\/educacao-pelo-direito-de-respirar-ar-puro-materiais-didaticos-para-educadores\/","og_site_name":"Observat\u00f3rio da escola na Ibero-Am\u00e9rica (OES)","article_published_time":"2026-08-31T11:20:18+00:00","article_modified_time":"2026-08-31T11:21:54+00:00","og_image":[{"width":1024,"height":683,"url":"https:\/\/oes.fundacion-sm.org\/wp-content\/uploads\/sites\/14\/2026\/08\/pexels-miguel-negrao-498264462-36252725-1-1024x683.jpg","type":"image\/jpeg"}],"author":"augusto.ibanez@colex.grupo-sm.com","twitter_card":"summary_large_image","twitter_misc":{"Escrito por":"augusto.ibanez@colex.grupo-sm.com","Est. tempo de leitura":"6 minutos"},"schema":{"@context":"https:\/\/schema.org","@graph":[{"@type":"Article","@id":"https:\/\/oes.fundacion-sm.org\/pt-br\/eduforics\/educacao-inclusiva-e-de-qualidade\/educacao-desenvolvimento-sustentavel\/educacao-pelo-direito-de-respirar-ar-puro-materiais-didaticos-para-educadores\/#article","isPartOf":{"@id":"https:\/\/oes.fundacion-sm.org\/pt-br\/eduforics\/educacao-inclusiva-e-de-qualidade\/educacao-desenvolvimento-sustentavel\/educacao-pelo-direito-de-respirar-ar-puro-materiais-didaticos-para-educadores\/"},"author":{"name":"augusto.ibanez@colex.grupo-sm.com","@id":"https:\/\/oes.fundacion-sm.org\/pt-br\/#\/schema\/person\/70b96ded1131a24f5e350d4bb3407aa2"},"headline":"Educa\u00e7\u00e3o pelo direito de respirar ar puro: Materiais did\u00e1ticos para educadores","datePublished":"2026-08-31T11:20:18+00:00","dateModified":"2026-08-31T11:21:54+00:00","mainEntityOfPage":{"@id":"https:\/\/oes.fundacion-sm.org\/pt-br\/eduforics\/educacao-inclusiva-e-de-qualidade\/educacao-desenvolvimento-sustentavel\/educacao-pelo-direito-de-respirar-ar-puro-materiais-didaticos-para-educadores\/"},"wordCount":992,"publisher":{"@id":"https:\/\/oes.fundacion-sm.org\/pt-br\/#organization"},"image":{"@id":"https:\/\/oes.fundacion-sm.org\/pt-br\/eduforics\/educacao-inclusiva-e-de-qualidade\/educacao-desenvolvimento-sustentavel\/educacao-pelo-direito-de-respirar-ar-puro-materiais-didaticos-para-educadores\/#primaryimage"},"thumbnailUrl":"https:\/\/oes.fundacion-sm.org\/wp-content\/uploads\/sites\/14\/2026\/08\/pexels-miguel-negrao-498264462-36252725-1.jpg","articleSection":["Educa\u00e7\u00e3o para o desenvolvimento sustent\u00e1vel","EDUforics"],"inLanguage":"pt-BR"},{"@type":"WebPage","@id":"https:\/\/oes.fundacion-sm.org\/pt-br\/eduforics\/educacao-inclusiva-e-de-qualidade\/educacao-desenvolvimento-sustentavel\/educacao-pelo-direito-de-respirar-ar-puro-materiais-didaticos-para-educadores\/","url":"https:\/\/oes.fundacion-sm.org\/pt-br\/eduforics\/educacao-inclusiva-e-de-qualidade\/educacao-desenvolvimento-sustentavel\/educacao-pelo-direito-de-respirar-ar-puro-materiais-didaticos-para-educadores\/","name":"Educa\u00e7\u00e3o pelo direito de respirar ar puro: Materiais did\u00e1ticos para educadores - Observat\u00f3rio da escola na Ibero-Am\u00e9rica (OES)","isPartOf":{"@id":"https:\/\/oes.fundacion-sm.org\/pt-br\/#website"},"primaryImageOfPage":{"@id":"https:\/\/oes.fundacion-sm.org\/pt-br\/eduforics\/educacao-inclusiva-e-de-qualidade\/educacao-desenvolvimento-sustentavel\/educacao-pelo-direito-de-respirar-ar-puro-materiais-didaticos-para-educadores\/#primaryimage"},"image":{"@id":"https:\/\/oes.fundacion-sm.org\/pt-br\/eduforics\/educacao-inclusiva-e-de-qualidade\/educacao-desenvolvimento-sustentavel\/educacao-pelo-direito-de-respirar-ar-puro-materiais-didaticos-para-educadores\/#primaryimage"},"thumbnailUrl":"https:\/\/oes.fundacion-sm.org\/wp-content\/uploads\/sites\/14\/2026\/08\/pexels-miguel-negrao-498264462-36252725-1.jpg","datePublished":"2026-08-31T11:20:18+00:00","dateModified":"2026-08-31T11:21:54+00:00","description":"Respirar ar puro, ter acesso \u00e0 \u00e1gua pot\u00e1vel e viver em seguran\u00e7a diante das mudan\u00e7as clim\u00e1ticas s\u00e3o direitos. Educar para esses direitos \u00e9 tamb\u00e9m educar","breadcrumb":{"@id":"https:\/\/oes.fundacion-sm.org\/pt-br\/eduforics\/educacao-inclusiva-e-de-qualidade\/educacao-desenvolvimento-sustentavel\/educacao-pelo-direito-de-respirar-ar-puro-materiais-didaticos-para-educadores\/#breadcrumb"},"inLanguage":"pt-BR","potentialAction":[{"@type":"ReadAction","target":["https:\/\/oes.fundacion-sm.org\/pt-br\/eduforics\/educacao-inclusiva-e-de-qualidade\/educacao-desenvolvimento-sustentavel\/educacao-pelo-direito-de-respirar-ar-puro-materiais-didaticos-para-educadores\/"]}]},{"@type":"ImageObject","inLanguage":"pt-BR","@id":"https:\/\/oes.fundacion-sm.org\/pt-br\/eduforics\/educacao-inclusiva-e-de-qualidade\/educacao-desenvolvimento-sustentavel\/educacao-pelo-direito-de-respirar-ar-puro-materiais-didaticos-para-educadores\/#primaryimage","url":"https:\/\/oes.fundacion-sm.org\/wp-content\/uploads\/sites\/14\/2026\/08\/pexels-miguel-negrao-498264462-36252725-1.jpg","contentUrl":"https:\/\/oes.fundacion-sm.org\/wp-content\/uploads\/sites\/14\/2026\/08\/pexels-miguel-negrao-498264462-36252725-1.jpg","width":6000,"height":4000,"caption":"A educa\u00e7\u00e3o \u00e9 parte fundamental da constru\u00e7\u00e3o de uma sociedade comprometida com a justi\u00e7a socioambiental (imagem: Pexels)."},{"@type":"BreadcrumbList","@id":"https:\/\/oes.fundacion-sm.org\/pt-br\/eduforics\/educacao-inclusiva-e-de-qualidade\/educacao-desenvolvimento-sustentavel\/educacao-pelo-direito-de-respirar-ar-puro-materiais-didaticos-para-educadores\/#breadcrumb","itemListElement":[{"@type":"ListItem","position":1,"name":"Inicio","item":"https:\/\/oes.fundacion-sm.org\/pt-br\/"},{"@type":"ListItem","position":2,"name":"EDUforics","item":"https:\/\/oes.fundacion-sm.org\/pt-br\/eduforics\/"},{"@type":"ListItem","position":3,"name":"Educa\u00e7\u00e3o inclusiva e de qualidade","item":"https:\/\/oes.fundacion-sm.org\/pt-br\/eduforics\/educacao-inclusiva-e-de-qualidade\/"},{"@type":"ListItem","position":4,"name":"Educa\u00e7\u00e3o para o desenvolvimento sustent\u00e1vel","item":"https:\/\/oes.fundacion-sm.org\/pt-br\/eduforics\/educacao-inclusiva-e-de-qualidade\/educacao-desenvolvimento-sustentavel\/"},{"@type":"ListItem","position":5,"name":"Educa\u00e7\u00e3o pelo direito de respirar ar puro: Materiais did\u00e1ticos para educadores"}]},{"@type":"WebSite","@id":"https:\/\/oes.fundacion-sm.org\/pt-br\/#website","url":"https:\/\/oes.fundacion-sm.org\/pt-br\/","name":"Observat\u00f3rio da escola na Ibero-Am\u00e9rica (OES)","description":"Funda\u00e7\u00e3o SM","publisher":{"@id":"https:\/\/oes.fundacion-sm.org\/pt-br\/#organization"},"alternateName":"OES","potentialAction":[{"@type":"SearchAction","target":{"@type":"EntryPoint","urlTemplate":"https:\/\/oes.fundacion-sm.org\/pt-br\/?s={search_term_string}"},"query-input":{"@type":"PropertyValueSpecification","valueRequired":true,"valueName":"search_term_string"}}],"inLanguage":"pt-BR"},{"@type":"Organization","@id":"https:\/\/oes.fundacion-sm.org\/pt-br\/#organization","name":"Fundaci\u00f3n SM","url":"https:\/\/oes.fundacion-sm.org\/pt-br\/","logo":{"@type":"ImageObject","inLanguage":"pt-BR","@id":"https:\/\/oes.fundacion-sm.org\/pt-br\/#\/schema\/logo\/image\/","url":"https:\/\/oes.fundacion-sm.org\/wp-content\/uploads\/sites\/14\/2023\/10\/logotipo-fundacion-sm.png","contentUrl":"https:\/\/oes.fundacion-sm.org\/wp-content\/uploads\/sites\/14\/2023\/10\/logotipo-fundacion-sm.png","width":447,"height":85,"caption":"Fundaci\u00f3n SM"},"image":{"@id":"https:\/\/oes.fundacion-sm.org\/pt-br\/#\/schema\/logo\/image\/"}},{"@type":"Person","@id":"https:\/\/oes.fundacion-sm.org\/pt-br\/#\/schema\/person\/70b96ded1131a24f5e350d4bb3407aa2","name":"augusto.ibanez@colex.grupo-sm.com"}]}},"_links":{"self":[{"href":"https:\/\/oes.fundacion-sm.org\/pt-br\/wp-json\/wp\/v2\/posts\/21634","targetHints":{"allow":["GET"]}}],"collection":[{"href":"https:\/\/oes.fundacion-sm.org\/pt-br\/wp-json\/wp\/v2\/posts"}],"about":[{"href":"https:\/\/oes.fundacion-sm.org\/pt-br\/wp-json\/wp\/v2\/types\/post"}],"author":[{"embeddable":true,"href":"https:\/\/oes.fundacion-sm.org\/pt-br\/wp-json\/wp\/v2\/users\/8"}],"replies":[{"embeddable":true,"href":"https:\/\/oes.fundacion-sm.org\/pt-br\/wp-json\/wp\/v2\/comments?post=21634"}],"version-history":[{"count":13,"href":"https:\/\/oes.fundacion-sm.org\/pt-br\/wp-json\/wp\/v2\/posts\/21634\/revisions"}],"predecessor-version":[{"id":21651,"href":"https:\/\/oes.fundacion-sm.org\/pt-br\/wp-json\/wp\/v2\/posts\/21634\/revisions\/21651"}],"wp:featuredmedia":[{"embeddable":true,"href":"https:\/\/oes.fundacion-sm.org\/pt-br\/wp-json\/wp\/v2\/media\/21637"}],"wp:attachment":[{"href":"https:\/\/oes.fundacion-sm.org\/pt-br\/wp-json\/wp\/v2\/media?parent=21634"}],"wp:term":[{"taxonomy":"category","embeddable":true,"href":"https:\/\/oes.fundacion-sm.org\/pt-br\/wp-json\/wp\/v2\/categories?post=21634"},{"taxonomy":"post_tag","embeddable":true,"href":"https:\/\/oes.fundacion-sm.org\/pt-br\/wp-json\/wp\/v2\/tags?post=21634"}],"curies":[{"name":"wp","href":"https:\/\/api.w.org\/{rel}","templated":true}]}}