{"id":21679,"date":"2026-08-26T16:27:28","date_gmt":"2026-08-26T14:27:28","guid":{"rendered":"https:\/\/oes.fundacion-sm.org\/?p=21679"},"modified":"2026-09-02T17:23:30","modified_gmt":"2026-09-02T15:23:30","slug":"o-caminho-de-emaus-como-paradigma-pedagogico","status":"publish","type":"post","link":"https:\/\/oes.fundacion-sm.org\/pt-br\/eduforics\/reimaginar-juntos-os-futuros\/pedagogia-e-curriculo\/o-caminho-de-emaus-como-paradigma-pedagogico\/","title":{"rendered":"O caminho de Ema\u00fas como paradigma pedag\u00f3gico"},"content":{"rendered":"\t\t<div data-elementor-type=\"wp-post\" data-elementor-id=\"21679\" class=\"elementor elementor-21679\" data-elementor-post-type=\"post\">\n\t\t\t\t\t\t<section class=\"elementor-section elementor-top-section elementor-element elementor-element-ae534ea elementor-section-boxed elementor-section-height-default elementor-section-height-default\" data-id=\"ae534ea\" data-element_type=\"section\">\n\t\t\t\t\t\t<div class=\"elementor-container elementor-column-gap-default\">\n\t\t\t\t\t<div class=\"elementor-column elementor-col-100 elementor-top-column elementor-element elementor-element-2c61ef4\" data-id=\"2c61ef4\" data-element_type=\"column\">\n\t\t\t<div class=\"elementor-widget-wrap elementor-element-populated\">\n\t\t\t\t\t\t<div class=\"elementor-element elementor-element-031b513 elementor-widget elementor-widget-bloque-texto\" data-id=\"031b513\" data-element_type=\"widget\" data-widget_type=\"bloque-texto.default\">\n\t\t\t\t<div class=\"elementor-widget-container\">\n\t\t\t\t\t<!-- Texto -->\n<section class=\"bloque bloque-texto  \">\n    <div class=\"container\">\n        <div class=\"estrecho2\">\n                        <div class=\"subtitulos\" data-aos=\"fade-left\" data-aos-duration=\"700\"><p><span>O artigo analisa a narrativa b\u00edblica dos \"disc\u00edpulos de Ema\u00fas\" <\/span><span>(Lc 24,13-35) desde um olhar educativo. Identifica nesse epis\u00f3dio um itiner\u00e1rio pedag\u00f3gico que integra raz\u00e3o, afetividade e experi\u00eancia, marcas constitutivas da Pedagogia de Jesus. De forma genu\u00edna, estabelece uma interlocu\u00e7\u00e3o com as ideias pedag\u00f3gicas de Paulo Freire e com os estudos sobre saberes docentes.\u00a0 <\/span><span>O texto aprofunda uma reflex\u00e3o anterior do pr\u00f3prio autor, na qual <\/span><span>analisou os fundamentos e as caracter\u00edsticas da <\/span><a href=\"https:\/\/oes.fundacion-sm.org\/pt-br\/eduforics\/reimaginar-juntos-os-futuros\/pedagogia-e-curriculo\/a-pedagogia-de-jesus-fundamentos-e-caracteristicas\/\" rel=\"noopener\"><span>Pedagogia de Jesus<\/span><\/a><span>.\u00a0<\/span><span>\u00a0<\/span><\/p><\/div>\n            \n            <div class=\"row\">\n                <div class=\"col-sm-12\">\n                    <div class=\"the_content\" data-aos=\"fade-up\" data-aos-duration=\"700\">\n                        <p><span data-contrast=\"auto\">O relato dos disc\u00edpulos de Ema\u00fas (Lc 24,13-35) constitui uma das mais densas express\u00f5es da <\/span><b><span data-contrast=\"auto\">Pedagogia de Jesus<\/span><\/b><span data-contrast=\"auto\">, n\u00e3o apenas no plano teol\u00f3gico, mas tamb\u00e9m no campo pedag\u00f3gico, na medida em que apresenta um processo formativo estruturado, progressivo e profundamente relacional. Longe de configurar-se como uma simples narrativa de apari\u00e7\u00e3o, o texto lucano revela um itiner\u00e1rio educativo no qual o sujeito \u00e9 conduzido da crise \u00e0 compreens\u00e3o e desta \u00e0 a\u00e7\u00e3o, evidenciando <\/span><b><span data-contrast=\"auto\">uma pedagogia que integra experi\u00eancia, reflex\u00e3o e transforma\u00e7\u00e3o<\/span><\/b><span data-contrast=\"auto\">.<\/span><span data-ccp-props=\"{&quot;335551550&quot;:6,&quot;335551620&quot;:6,&quot;335559731&quot;:567}\">\u00a0<\/span><\/p>\n<p><span data-contrast=\"auto\">Quando analisado \u00e0 luz dos estudos contempor\u00e2neos sobre forma\u00e7\u00e3o docente, especialmente a partir das contribui\u00e7\u00f5es de Tardif, Pimenta e Freire, o epis\u00f3dio de Ema\u00fas pode ser compreendido como paradigma de uma pr\u00e1tica educativa que articula saberes plurais, historicidade da experi\u00eancia e constru\u00e7\u00e3o cr\u00edtica do conhecimento. Conforme apontam Ridolfi et al. (2025), os saberes docentes s\u00e3o \u201cplurais, socialmente situados e historicamente constru\u00eddos\u201d, sendo produzidos na articula\u00e7\u00e3o entre teoria, pr\u00e1tica e experi\u00eancia <\/span><span aria-label=\"Control de contenido de texto enriquecido\"><span data-contrast=\"none\">\u200b<\/span><span data-contrast=\"none\">(Tardif, 2014)<\/span><span data-contrast=\"none\">\u200b<\/span><\/span><span data-contrast=\"auto\">. Essa compreens\u00e3o encontra resson\u00e2ncia direta na din\u00e2mica pedag\u00f3gica desenvolvida por Jesus ao longo do caminho.<\/span><\/p>\n<h2><b><span data-contrast=\"auto\">1. Aproxima\u00e7\u00e3o e escuta: o reconhecimento do sujeito como ponto de partida<\/span><\/b><\/h2>\n<p><span data-ccp-props=\"{}\">\u00a0<\/span><span data-contrast=\"auto\">O primeiro movimento pedag\u00f3gico em Ema\u00fas \u00e9 a <\/span><b><span data-contrast=\"auto\">aproxima\u00e7\u00e3o<\/span><\/b><span data-contrast=\"auto\">. O texto afirma que \u201co pr\u00f3prio Jesus se aproximou e come\u00e7ou a caminhar com eles\u201d (Lc 24,15), indicando que o processo educativo se inaugura na rela\u00e7\u00e3o e n\u00e3o na transmiss\u00e3o de conte\u00fados. Antes de ensinar, Jesus se insere na realidade concreta dos disc\u00edpulos, marcada pela frustra\u00e7\u00e3o e pela perda de sentido, evidenciando que o ato educativo se fundamenta no encontro e na partilha da experi\u00eancia.<\/span><span data-ccp-props=\"{&quot;335551550&quot;:6,&quot;335551620&quot;:6,&quot;335559731&quot;:567}\">\u00a0<\/span><\/p>\n<p><span data-contrast=\"auto\">Esse gesto revela uma concep\u00e7\u00e3o pedag\u00f3gica que reconhece o educando como sujeito portador de saberes, ainda que estes se apresentem de forma fragmentada ou limitada. A pergunta de Jesus \u201co que \u00e9 que voc\u00eas est\u00e3o conversando pelo caminho?\u201d (Lc 24,17) n\u00e3o busca simplesmente uma resposta informativa, mas explicitar a leitura de mundo dos disc\u00edpulos, tornando-a objeto de reflex\u00e3o. Nesse sentido, a pedagogia de Jesus aproxima-se da perspectiva freireana ao afirmar que ensinar exige saber escutar, isto \u00e9, reconhecer o outro como sujeito de palavra e de interpreta\u00e7\u00e3o da realidade. Em <\/span><i><span data-contrast=\"auto\">Pedagogia do Oprimido<\/span><\/i><span data-contrast=\"auto\">, Freire sustenta que a educa\u00e7\u00e3o aut\u00eantica se realiza no di\u00e1logo, compreendido como encontro entre sujeitos que buscam compreender o mundo e transform\u00e1-lo, o que pressup\u00f5e abertura, respeito e disponibilidade para o outro (Freire, 2002).<\/span><span data-ccp-props=\"{&quot;335551550&quot;:6,&quot;335551620&quot;:6,&quot;335559731&quot;:567}\">\u00a0<\/span><\/p>\n<p><span data-contrast=\"auto\">Essa disponibilidade para o di\u00e1logo implica, ainda, a apreens\u00e3o da realidade como ponto de partida do processo educativo. Em Ema\u00fas, a fala dos disc\u00edpulos \u201cn\u00f3s esper\u00e1vamos que fosse ele quem libertaria Israel\u201d (Lc 24,21) expressa uma interpreta\u00e7\u00e3o situada da experi\u00eancia vivida, ainda que marcada pela decep\u00e7\u00e3o. Jesus n\u00e3o ignora essa leitura, mas a acolhe como elemento constitutivo do processo formativo. Tal postura dialoga com a concep\u00e7\u00e3o freireana de que o conhecimento se constr\u00f3i a partir da leitura do mundo, sendo a realidade concreta o fundamento sobre o qual se desenvolve a aprendizagem.<\/span><span data-ccp-props=\"{&quot;335551550&quot;:6,&quot;335551620&quot;:6,&quot;335559731&quot;:567}\">\u00a0<\/span><\/p>\n<p><span data-contrast=\"auto\">Do ponto de vista dos saberes docentes, esse momento pode ser compreendido como reconhecimento dos saberes experienciais e vivenciais. Tardif (2014) afirma que o professor mobiliza conhecimentos provenientes de sua trajet\u00f3ria, de sua pr\u00e1tica e de suas rela\u00e7\u00f5es, sendo esses saberes heterog\u00eaneos e historicamente constru\u00eddos. Em Ema\u00fas, Jesus reconhece e valoriza esses saberes presentes nos disc\u00edpulos, tomando-os como ponto de partida para o processo educativo. Pimenta (2021), por sua vez, refor\u00e7a que a experi\u00eancia constitui elemento central na forma\u00e7\u00e3o, devendo ser tematizada e ressignificada no processo pedag\u00f3gico. Assim, a escuta n\u00e3o se reduz a um procedimento metodol\u00f3gico inicial, mas configura-se como fundamento epistemol\u00f3gico do ato de educar, na medida em que reconhece o sujeito em sua realidade e o insere como protagonista do processo formativo.<\/span><span data-ccp-props=\"{&quot;335551550&quot;:6,&quot;335551620&quot;:6,&quot;335559731&quot;:567}\">\u00a0<\/span><\/p>\n<h2><strong>2. Interroga\u00e7\u00e3o e problematiza\u00e7\u00e3o: da experi\u00eancia \u00e0 consci\u00eancia cr\u00edtica<\/strong><\/h2>\n<p><span data-contrast=\"auto\">O segundo movimento da Pedagogia de Jesus \u00e9 a <\/span><b><span data-contrast=\"auto\">problematiza\u00e7\u00e3o<\/span><\/b><span data-contrast=\"auto\">. Ap\u00f3s escutar os disc\u00edpulos, ele n\u00e3o confirma sua interpreta\u00e7\u00e3o nem a substitui por uma resposta imediata. Ao contr\u00e1rio, provoca um deslocamento cr\u00edtico, conduzindo-os a reinterpretar sua pr\u00f3pria experi\u00eancia. Trata-se de um movimento pedag\u00f3gico que transforma a viv\u00eancia em objeto de reflex\u00e3o. Esse movimento encontra respaldo no pr\u00f3prio texto de Ema\u00fas, quando Jesus interpela os disc\u00edpulos: \u201c\u00d3 insensatos e lentos de cora\u00e7\u00e3o para crer tudo o que os profetas anunciaram! N\u00e3o era necess\u00e1rio que o Cristo sofresse tudo isso para entrar em sua gl\u00f3ria?\u201d (Lc 24,25-26). Tal questionamento n\u00e3o apresenta uma resposta pronta, mas inaugura um processo de releitura da realidade, tensionando a compreens\u00e3o inicial dos disc\u00edpulos \u201cn\u00f3s esper\u00e1vamos que fosse ele quem libertaria Israel\u201d (Lc 24,21) e abrindo espa\u00e7o para uma nova interpreta\u00e7\u00e3o dos acontecimentos.<\/span><span data-ccp-props=\"{&quot;335551550&quot;:6,&quot;335551620&quot;:6,&quot;335559731&quot;:567}\">\u00a0<\/span><\/p>\n<p><span data-contrast=\"auto\">Essa din\u00e2mica encontra correspond\u00eancia na pedagogia freiriana, sobretudo na concep\u00e7\u00e3o de educa\u00e7\u00e3o problematizadora desenvolvida em <\/span><i><span data-contrast=\"auto\">Pedagogia do Oprimido<\/span><\/i><span data-contrast=\"auto\">. Para Freire, a pr\u00e1tica educativa libertadora deve fazer da opress\u00e3o e de suas causas objeto da reflex\u00e3o dos oprimidos, de modo que dessa reflex\u00e3o surja o engajamento na transforma\u00e7\u00e3o da realidade (Freire, 2001). Nesse sentido, a problematiza\u00e7\u00e3o n\u00e3o \u00e9 um recurso metodol\u00f3gico acess\u00f3rio, mas condi\u00e7\u00e3o para a conscientiza\u00e7\u00e3o. Ao provocar os disc\u00edpulos por meio de perguntas, Jesus n\u00e3o apenas ensina, mas cria as condi\u00e7\u00f5es para que eles pr\u00f3prios avancem na compreens\u00e3o do vivido.<\/span><span data-ccp-props=\"{&quot;335551550&quot;:6,&quot;335551620&quot;:6,&quot;335559731&quot;:567}\">\u00a0<\/span><\/p>\n<p><span data-contrast=\"auto\">No epis\u00f3dio de Ema\u00fas, esse movimento se torna evidente na forma como Jesus conduz o di\u00e1logo. Ele n\u00e3o nega a experi\u00eancia dos disc\u00edpulos, mas a recoloca sob an\u00e1lise, provocando uma releitura dos acontecimentos. Tal din\u00e2mica aproxima-se do que Freire compreende como passagem da consci\u00eancia ing\u00eanua para a consci\u00eancia cr\u00edtica, a qual exige um permanente esfor\u00e7o de reflex\u00e3o sobre suas condi\u00e7\u00f5es concretas, pois \u00e9 dessa reflex\u00e3o que emerge a pr\u00e1tica transformadora (Freire, 2001). Nessa perspectiva, o questionamento de Jesus n\u00e3o \u00e9 ret\u00f3rico, mas formativo, pois mobiliza o sujeito a pensar sua pr\u00f3pria realidade.<\/span><span data-ccp-props=\"{&quot;335551550&quot;:6,&quot;335551620&quot;:6,&quot;335559731&quot;:567}\">\u00a0<\/span><\/p>\n<p><span data-contrast=\"auto\">Correia J\u00fanior e Silva (2020) refor\u00e7am essa leitura ao afirmarem que a pedagogia de Jesus se estrutura em uma pr\u00e1tica dial\u00f3gica que provoca o sujeito \u00e0 reflex\u00e3o e \u00e0 ressignifica\u00e7\u00e3o de sua experi\u00eancia, evidenciando uma din\u00e2mica de aproxima\u00e7\u00e3o com a pedagogia freiriana. Para os autores, o ensino de Jesus n\u00e3o se reduz \u00e0 transmiss\u00e3o de conte\u00fados, mas constitui-se como processo que articula experi\u00eancia, reflex\u00e3o e transforma\u00e7\u00e3o, numa l\u00f3gica pr\u00f3xima \u00e0 pr\u00e1xis educativa proposta por Freire.<\/span><span data-ccp-props=\"{&quot;335551550&quot;:6,&quot;335551620&quot;:6,&quot;335559731&quot;:567}\">\u00a0<\/span><\/p>\n<p><span data-contrast=\"auto\">A problematiza\u00e7\u00e3o se insere, portanto, na l\u00f3gica da pr\u00e1xis, entendida como unidade entre a\u00e7\u00e3o e reflex\u00e3o. A pedagogia freireana afirma que n\u00e3o h\u00e1 transforma\u00e7\u00e3o sem esse movimento dial\u00e9tico, estruturado na din\u00e2mica a\u00e7\u00e3o-reflex\u00e3o-a\u00e7\u00e3o, como caminho de supera\u00e7\u00e3o da realidade opressora (Freire, 2001). Nesse horizonte, pensar a pr\u00e1tica n\u00e3o \u00e9 um exerc\u00edcio abstrato, mas um gesto profundamente formativo.<\/span><span data-ccp-props=\"{&quot;335551550&quot;:6,&quot;335551620&quot;:6,&quot;335559731&quot;:567}\">\u00a0<\/span><\/p>\n<p><span data-contrast=\"auto\">Do ponto de vista dos saberes docentes, essa etapa evidencia que a experi\u00eancia, por si s\u00f3, n\u00e3o garante aprendizagem. \u00c9 necess\u00e1rio submet\u00ea-la a um processo cr\u00edtico de an\u00e1lise. Assim, <\/span><b><span data-contrast=\"auto\">a Pedagogia de Jesus n\u00e3o elimina a experi\u00eancia dos sujeitos, mas a transforma em campo de investiga\u00e7\u00e3o<\/span><\/b><span data-contrast=\"auto\">. Trata-se de uma educa\u00e7\u00e3o que n\u00e3o responde antes de perguntar e que n\u00e3o ensina sem antes provocar. Ao problematizar, Jesus conduz os disc\u00edpulos a uma apreens\u00e3o mais profunda da realidade, inaugurando um caminho formativo que integra experi\u00eancia, reflex\u00e3o cr\u00edtica e transforma\u00e7\u00e3o da vida.<\/span><span data-ccp-props=\"{&quot;335551550&quot;:6,&quot;335551620&quot;:6,&quot;335559731&quot;:567}\">\u00a0<\/span><\/p>\n<h2><strong>3. Ilumina\u00e7\u00e3o pela Palavra: articula\u00e7\u00e3o entre saberes e produ\u00e7\u00e3o de sentido\u00a0<\/strong><\/h2>\n<p><span data-ccp-props=\"{&quot;335551550&quot;:6,&quot;335551620&quot;:6,&quot;335559731&quot;:567}\">\u00a0<\/span><span data-contrast=\"auto\">O terceiro movimento pedag\u00f3gico consiste na <\/span><b><span data-contrast=\"auto\">releitura da experi\u00eancia<\/span><\/b><span data-contrast=\"auto\"> \u00e0 luz das Escrituras. O texto afirma que Jesus, \u201ccome\u00e7ando por Mois\u00e9s e passando por todos os profetas, explicava-lhes o que constava a respeito dele em todas as Escrituras\u201d (Lc 24,27). Esse momento n\u00e3o pode ser reduzido a uma simples exposi\u00e7\u00e3o de conte\u00fados religiosos. Trata-se de uma media\u00e7\u00e3o interpretativa que articula saberes distintos: de um lado, a Escritura como saber sistematizado; de outro, a experi\u00eancia dos disc\u00edpulos como saber vivido. O processo pedag\u00f3gico consiste justamente na integra\u00e7\u00e3o desses n\u00edveis, superando a fragmenta\u00e7\u00e3o entre teoria e pr\u00e1tica.<\/span><span data-ccp-props=\"{&quot;335551550&quot;:6,&quot;335551620&quot;:6,&quot;335559731&quot;:567}\">\u00a0<\/span><\/p>\n<p><span data-contrast=\"auto\">Essa articula\u00e7\u00e3o corresponde ao que Tardif (2014) denomina pluralidade dos saberes docentes, que incluem saberes disciplinares, curriculares e experienciais, os quais precisam ser mobilizados de forma integrada para que o ensino produza sentido. Em Ema\u00fas, Jesus n\u00e3o apresenta a Escritura como conte\u00fado isolado, mas como chave interpretativa da realidade vivida pelos disc\u00edpulos, permitindo-lhes reler os acontecimentos \u00e0 luz de um horizonte mais amplo. Como indicam Correia J\u00fanior e Silva (2020), a Pedagogia de Jesus se estrutura na rela\u00e7\u00e3o entre experi\u00eancia e interpreta\u00e7\u00e3o, promovendo um processo formativo que conduz \u00e0 ressignifica\u00e7\u00e3o do vivido.<\/span><span data-ccp-props=\"{&quot;335551550&quot;:6,&quot;335551620&quot;:6,&quot;335559731&quot;:567}\">\u00a0<\/span><\/p>\n<p><span data-contrast=\"auto\">Nesse ponto, a contribui\u00e7\u00e3o de Paulo Freire \u00e9 decisiva. Para o autor, a leitura da palavra deve estar intrinsecamente vinculada \u00e0 leitura do mundo, de modo que o conhecimento n\u00e3o se constitua como fim em si mesmo, mas como instrumento de compreens\u00e3o e transforma\u00e7\u00e3o da realidade (Freire, 2001). Nesse sentido, ensinar exige apreens\u00e3o da realidade, isto \u00e9, a capacidade de partir do mundo concreto dos sujeitos para produzir conhecimento significativo. Em Ema\u00fas, essa din\u00e2mica se torna evidente quando a explica\u00e7\u00e3o das Escrituras n\u00e3o substitui a experi\u00eancia dos disc\u00edpulos, mas a ilumina, possibilitando uma nova compreens\u00e3o dos acontecimentos.<\/span><span data-ccp-props=\"{&quot;335551550&quot;:6,&quot;335551620&quot;:6,&quot;335559731&quot;:567}\">\u00a0<\/span><\/p>\n<p><span data-contrast=\"auto\">Al\u00e9m disso, a pedagogia freiriana destaca que o ato educativo exige comprometimento e bom senso, na medida em que o educador deve respeitar o processo do educando e conduzi-lo \u00e0 constru\u00e7\u00e3o do sentido. Esse elemento aparece de forma expressiva no relato lucano, quando os disc\u00edpulos afirmam: \u201cn\u00e3o estava ardendo o nosso cora\u00e7\u00e3o quando ele nos falava pelo caminho e nos explicava as Escrituras?\u201d (Lc 24,32). O \u201carder do cora\u00e7\u00e3o\u201d indica que o conhecimento n\u00e3o se limita \u00e0 compreens\u00e3o intelectual, mas envolve a dimens\u00e3o existencial, configurando aquilo que pode ser compreendido como devolu\u00e7\u00e3o de sentido \u00e0 experi\u00eancia vivida.<\/span><span data-ccp-props=\"{&quot;335551550&quot;:6,&quot;335551620&quot;:6,&quot;335559731&quot;:567}\">\u00a0<\/span><\/p>\n<p><span data-contrast=\"auto\">Pimenta (2021) refor\u00e7a essa compreens\u00e3o ao afirmar que os saberes do conhecimento precisam ser apropriados criticamente e articulados \u00e0 pr\u00e1tica para adquirir sentido formativo. Do mesmo modo, Costa (2021), ao analisar o epis\u00f3dio de Ema\u00fas, destaca que <\/span><b><span data-contrast=\"auto\">a Pedagogia de Jesus promove uma reinterpreta\u00e7\u00e3o da realidade <\/span><\/b><span data-contrast=\"auto\">que transforma a percep\u00e7\u00e3o dos disc\u00edpulos, conduzindo-os da desorienta\u00e7\u00e3o \u00e0 compreens\u00e3o e, posteriormente, \u00e0 a\u00e7\u00e3o.<\/span><span data-ccp-props=\"{&quot;335551550&quot;:6,&quot;335551620&quot;:6,&quot;335559731&quot;:567}\">\u00a0<\/span><\/p>\n<p><span data-contrast=\"auto\">A Pedagogia de Jesus evidencia uma integra\u00e7\u00e3o entre teoria e pr\u00e1tica que antecipa debates contempor\u00e2neos sobre forma\u00e7\u00e3o docente. Ao articular Escritura e experi\u00eancia, conhecimento e vida, Jesus n\u00e3o apenas transmite saberes, mas produz sentido, possibilitando que os sujeitos compreendam sua realidade de forma mais profunda e se reposicionem diante dela.<\/span><span data-ccp-props=\"{&quot;335551550&quot;:6,&quot;335551620&quot;:6,&quot;335559731&quot;:567}\">\u00a0<\/span><\/p>\n<h2><b><span data-contrast=\"auto\">4. Experi\u00eancia e reconhecimento: a corporeifica\u00e7\u00e3o do conhecimento<\/span><\/b><\/h2>\n<p><span data-ccp-props=\"{&quot;335551550&quot;:6,&quot;335551620&quot;:6}\">\u00a0<\/span><span data-contrast=\"auto\">O reconhecimento de Jesus ocorre no gesto de partir o p\u00e3o: \u201cquando partiu o p\u00e3o, seus olhos se abriram e o reconheceram\u201d (Lc 24,31). Esse dado revela que a aprendizagem n\u00e3o se esgota no n\u00edvel cognitivo, mas se realiza plenamente na experi\u00eancia vivida. Aquilo que foi compreendido ao longo do caminho encontra, nesse gesto concreto, sua express\u00e3o mais profunda, indicando que <\/span><b><span data-contrast=\"auto\">o conhecimento, na Pedagogia de Jesus, \u00e9 insepar\u00e1vel da vida<\/span><\/b><span data-contrast=\"auto\">.<\/span><span data-ccp-props=\"{&quot;335551550&quot;:6,&quot;335551620&quot;:6,&quot;335559731&quot;:567}\">\u00a0<\/span><\/p>\n<p><span data-contrast=\"auto\">Essa din\u00e2mica aproxima-se da reflex\u00e3o de Paulo Freire, para quem ensinar exige a corporeifica\u00e7\u00e3o das palavras pelo exemplo, isto \u00e9, a coer\u00eancia entre o que se anuncia e o que se vive (Freire, 2001). O gesto de partir o p\u00e3o constitui precisamente essa encarna\u00e7\u00e3o do saber: n\u00e3o se trata apenas de explicar a realidade, mas de viv\u00ea-la de modo significativo. Nessa perspectiva, a pr\u00e1tica educativa exige que o conhecimento se torne a\u00e7\u00e3o concreta, capaz de produzir sentido e abrir novas possibilidades de compreens\u00e3o e de exist\u00eancia. Como afirma Freire (1993), a pr\u00e1tica vai despertar horizontes de possibilidades, indicando que \u00e9 na a\u00e7\u00e3o que o saber se torna efetivamente formativo.<\/span><span data-ccp-props=\"{&quot;335551550&quot;:6,&quot;335551620&quot;:6,&quot;335559731&quot;:567}\">\u00a0<\/span><\/p>\n<p><span data-contrast=\"auto\">Do ponto de vista dos saberes docentes, esse momento evidencia a integra\u00e7\u00e3o entre saberes experienciais e vivenciais, uma vez que o processo formativo ultrapassa o dom\u00ednio do conte\u00fado e alcan\u00e7a a dimens\u00e3o da experi\u00eancia. Assim, a Pedagogia de Jesus rompe com a l\u00f3gica de uma aprendizagem puramente intelectual e afirma uma forma\u00e7\u00e3o integral, na qual o sujeito n\u00e3o apenas compreende, mas vive aquilo que aprende, integrando conhecimento, experi\u00eancia e sentido.<\/span><\/p>\n<h2><b><span data-contrast=\"auto\">5. Transforma\u00e7\u00e3o e pr\u00e1xis: da compreens\u00e3o \u00e0 miss\u00e3o<\/span><\/b><\/h2>\n<p><span data-contrast=\"auto\">O processo pedag\u00f3gico de Ema\u00fas culmina na transforma\u00e7\u00e3o dos disc\u00edpulos. O texto afirma que eles \u201clevantaram-se na mesma hora e voltaram para Jerusal\u00e9m\u201d (Lc 24,33), indicando uma mudan\u00e7a radical de postura. Aquele que caminhava na fuga retorna \u00e0 miss\u00e3o, evidenciando que o percurso formativo n\u00e3o se encerra na compreens\u00e3o, mas se realiza plenamente na a\u00e7\u00e3o.<\/span><span data-ccp-props=\"{&quot;335551550&quot;:6,&quot;335551620&quot;:6,&quot;335559731&quot;:567}\">\u00a0<\/span><\/p>\n<p><span data-contrast=\"auto\">Essa transforma\u00e7\u00e3o confirma a perspectiva freiriana de que a educa\u00e7\u00e3o aut\u00eantica conduz ao compromisso com a realidade. A conscientiza\u00e7\u00e3o, nesse sentido, n\u00e3o \u00e9 um fim em si mesma, mas se desdobra em pr\u00e1tica hist\u00f3rica, na qual o sujeito se reconhece como agente de transforma\u00e7\u00e3o (Freire, 2001). Em di\u00e1logo com <\/span><i><span data-contrast=\"auto\">Pedagogia da Autonomia<\/span><\/i><span data-contrast=\"auto\">, esse movimento pode ser ainda aprofundado ao considerar que ensinar exige alegria e esperan\u00e7a, pois o ato educativo se orienta por uma confian\u00e7a na possibilidade de transforma\u00e7\u00e3o. A passagem dos disc\u00edpulos da desola\u00e7\u00e3o \u00e0 retomada do caminho revela exatamente essa din\u00e2mica: o encontro com o Ressuscitado restitui o sentido e reacende a esperan\u00e7a, possibilitando uma nova inser\u00e7\u00e3o na realidade.<\/span><span data-ccp-props=\"{&quot;335551550&quot;:6,&quot;335551620&quot;:6,&quot;335559731&quot;:567}\">\u00a0<\/span><\/p>\n<p><span data-contrast=\"auto\">Do mesmo modo, Freire (2001) afirma que ensinar exige a convic\u00e7\u00e3o de que a mudan\u00e7a \u00e9 poss\u00edvel, princ\u00edpio que se torna vis\u00edvel em Ema\u00fas quando os disc\u00edpulos deixam uma postura de derrota para assumir uma atitude ativa diante da vida. Tal transforma\u00e7\u00e3o n\u00e3o \u00e9 apenas emocional, mas existencial, pois implica uma nova forma de compreender e agir no mundo. Al\u00e9m disso, a consci\u00eancia do inacabamento, outro elemento central na pedagogia freireana, permite compreender que o processo formativo permanece aberto, sendo continuamente reconstru\u00eddo na pr\u00e1tica. Os disc\u00edpulos n\u00e3o retornam a Jerusal\u00e9m como sujeitos prontos, mas como sujeitos em caminho, marcados por uma experi\u00eancia que inaugura novas possibilidades.<\/span><span data-ccp-props=\"{&quot;335551550&quot;:6,&quot;335551620&quot;:6,&quot;335559731&quot;:567}\">\u00a0<\/span><\/p>\n<p><span data-contrast=\"auto\">Do ponto de vista da forma\u00e7\u00e3o docente, essa etapa revela que o conhecimento s\u00f3 se legitima na pr\u00e1tica. Ridolfi et al. (2025) destacam que a pr\u00e1tica constitui espa\u00e7o privilegiado de produ\u00e7\u00e3o e ressignifica\u00e7\u00e3o dos saberes, sendo fundamental para a constitui\u00e7\u00e3o da identidade profissional. Assim, o caminho de Ema\u00fas configura-se como um processo completo de forma\u00e7\u00e3o: parte da experi\u00eancia, passa pela problematiza\u00e7\u00e3o, articula saberes, culmina na experi\u00eancia significativa e se desdobra em a\u00e7\u00e3o transformadora, reafirmando que educar \u00e9, essencialmente, formar sujeitos capazes de agir com sentido, esperan\u00e7a e responsabilidade na realidade em que vivem.<\/span><span data-ccp-props=\"{&quot;335551550&quot;:6,&quot;335551620&quot;:6,&quot;335559731&quot;:567}\">\u00a0<\/span><\/p>\n<hr \/>\n<p style=\"text-align: right\"><i><span data-contrast=\"none\"><strong>Diego Andrade De Jesus Lelis<\/strong>.\u00a0<\/span><\/i><i><span data-contrast=\"none\">Doutor e mestre em Educa\u00e7\u00e3o pela Pontif\u00edcia Universidade Cat\u00f3lica do Paran\u00e1 (PUCPR). Graduado em Filosofia, Teologia e Geografia. Atua como coordenador de Pastoral, P\u00f3s-Gradua\u00e7\u00e3o e Extens\u00e3o no Claretiano Centro Universit\u00e1rio de Batatais, e como coordenador de Pastoral da Rede Claretiano de Educa\u00e7\u00e3o. \u00c9 religioso Mission\u00e1rio Claretiano.<\/span><\/i><span data-ccp-props=\"{&quot;335551550&quot;:6,&quot;335551620&quot;:6}\">\u00a0<\/span><\/p>\n<p><span data-ccp-props=\"{&quot;335551550&quot;:6,&quot;335551620&quot;:6}\">\u00a0<\/span><\/p>\n<h2><b><span data-contrast=\"auto\">Nota<\/span><\/b><span data-ccp-props=\"{}\">\u00a0<\/span><\/h2>\n<ol>\n<li data-leveltext=\"%1.\" data-font=\"Times New Roman\" data-listid=\"12\" data-list-defn-props=\"{&quot;335552541&quot;:0,&quot;335559683&quot;:0,&quot;335559684&quot;:-1,&quot;335559685&quot;:720,&quot;335559991&quot;:360,&quot;469769242&quot;:[65533,0,46],&quot;469777803&quot;:&quot;left&quot;,&quot;469777804&quot;:&quot;%1.&quot;,&quot;469777815&quot;:&quot;hybridMultilevel&quot;}\" data-aria-posinset=\"1\" data-aria-level=\"1\"><span data-contrast=\"none\">Este artigo corresponde ao terceiro cap\u00edtulo do Trabalho de Conclus\u00e3o de Curso, intitulado <\/span><i><span data-contrast=\"none\">A pedagogia de Jesus como inspira\u00e7\u00e3o para a promo\u00e7\u00e3o da educa\u00e7\u00e3o integral na educa\u00e7\u00e3o b\u00e1sica \u00e0 luz da BNCC<\/span><\/i><span data-contrast=\"none\">, apresentado pelo autor ao Curso de Licenciatura em Pedagogia, do Claretiano \u2013 Centro Universit\u00e1rio, na cidade de S\u00e3o Paulo &#8211; SP, no ano de 2026.<\/span><span data-ccp-props=\"{&quot;335551550&quot;:6,&quot;335551620&quot;:6}\">\u00a0<\/span><\/li>\n<\/ol>\n<h2><b><span data-contrast=\"auto\">Refer\u00eancias<\/span><\/b><span data-ccp-props=\"{}\">\u00a0<\/span><\/h2>\n<ul>\n<li><span data-contrast=\"auto\">B\u00cdBLIA. <\/span>B\u00edblia de Jerusal\u00e9m<span data-contrast=\"auto\">. Nova edi\u00e7\u00e3o, revista e ampliada. S\u00e3o Paulo: Paulus, 2002.<\/span><\/li>\n<li>CORREIA J\u00daNIOR, Jo\u00e3o Luiz; SILVA, Eunaide Monteiro de Almeida da. Uma interpreta\u00e7\u00e3o da pedagogia de Jesus \u00e0 luz da pedagogia de Paulo Freire. <i>Revista de Cultura Teol\u00f3gica<\/i><span data-contrast=\"auto\">, S\u00e3o Paulo, ano XXVIII, n. 96, p. 292-309, maio-ago. 2020. Dispon\u00edvel em: <\/span><a href=\"https:\/\/revistas.pucsp.br\/culturateo\/article\/view\/47501\" target=\"_blank\" rel=\"noopener\"><span data-contrast=\"none\">https:\/\/revistas.pucsp.br\/culturateo\/article\/view\/47501<\/span><\/a><span data-contrast=\"auto\">. Acesso em: 28 fev. 2026.<\/span><\/li>\n<li>COSTA, Tiago Jo\u00e3o Martins. <em>Ema\u00fas: a idolatria dos disc\u00edpulos, a dist\u00e2ncia salutar e a pedagogia de Jesus: leitura sistem\u00e1tico-pastoral de Lucas 24,13-35<\/em>. 2021. <b><span data-contrast=\"auto\">Disserta\u00e7\u00e3o<\/span><\/b><span data-contrast=\"auto\"> (Mestrado Integrado em Teologia) \u2013 Universidade Cat\u00f3lica Portuguesa, Braga, 2021. Dispon\u00edvel em: <a href=\"https:\/\/repositorio.ucp.pt\/handle\/10400.14\/35527\" target=\"_blank\" rel=\"noopener\">https:\/\/repositorio.ucp.pt\/handle\/10400.14\/35527<\/a>. Acesso em: 28 fev. 2026.<\/span><\/li>\n<li>FREIRE, Paulo. <em>Educa\u00e7\u00e3o como pr\u00e1tica da liberdade<\/em><span data-contrast=\"auto\">. 23. ed. Rio de Janeiro: Paz e Terra, 1993.<\/span><\/li>\n<li>FREIRE, Paulo. <em>Pedagogia da autonomia<\/em><span data-contrast=\"auto\"><em>: saberes necess\u00e1rios \u00e0 pr\u00e1tica educativa.<\/em> 37. ed. S\u00e3o Paulo: Paz e Terra, 2001.<\/span><\/li>\n<li>FREIRE, Paulo. <em>Pedagogia do oprimido<\/em><span data-contrast=\"auto\">. 42. ed. Rio de Janeiro: Paz e Terra, 2002.<\/span><\/li>\n<li>PIMENTA, Selma Garrido. <em>Saberes pedag\u00f3gicos e atividade docente<\/em><span data-contrast=\"auto\">. 9. ed. S\u00e3o Paulo: Cortez, 2021.<\/span><\/li>\n<li>RIDOLFI, Luiz et al. Fundamentos dos saberes docentes na forma\u00e7\u00e3o de professores: aproxima\u00e7\u00f5es entre Tardif, Pimenta e Freire. <i>Revista Ibero-Americana De Humanidades, Ci\u00eancias E Educa\u00e7\u00e3o<\/i><span data-contrast=\"auto\">,\u202f<\/span><i><span data-contrast=\"auto\">11<\/span><\/i><span data-contrast=\"auto\">(11), 2025.<\/span><\/li>\n<li>TARDIF, Maurice. <em>Saberes docentes e forma\u00e7\u00e3o profissional<\/em><span data-contrast=\"auto\">. 17. ed. Petr\u00f3polis: Vozes, 2014.<\/span><span data-ccp-props=\"{}\">\u00a0<\/span><\/li>\n<\/ul>\n<h2><strong>Para saber mais<\/strong><\/h2>\n<ul>\n<li><a href=\"https:\/\/oes.fundacion-sm.org\/pt-br\/eduforics\/reimaginar-juntos-os-futuros\/pedagogia-e-curriculo\/a-pedagogia-de-jesus-fundamentos-e-caracteristicas\/\" target=\"_blank\" rel=\"noopener\">A Pedagogia de Jesus: fundamentos e caracter\u00edsticas.<\/a><\/li>\n<\/ul>\n                    <\/div>\n                <\/div>\n            <\/div>\n        <\/div>\n    <\/div>\n<\/section>\t\t\t\t<\/div>\n\t\t\t\t<\/div>\n\t\t\t\t<div class=\"elementor-element elementor-element-42f352d elementor-widget elementor-widget-bloque-blog-2\" data-id=\"42f352d\" data-element_type=\"widget\" data-widget_type=\"bloque-blog-2.default\">\n\t\t\t\t<div class=\"elementor-widget-container\">\n\t\t\t\t\t\n\n<!-- Bloque Blog -->\n<div class=\"container\">\n    <div class=\"row titulo-con-enlace\">\n        <div class=\"col-12\">\n            <h2 class=\"titulos\" data-aos=\"fade-left\" data-aos-duration=\"700\">Postagens relacionadas<\/h2>                        <a href=\"https:\/\/oes.fundacion-sm.org\/eduforics\/\" data-aos=\"fade-right\" data-aos-duration=\"700\" class=\"enlace btn-arrow\" title=\"Ver mais\"><span>Ver mais<\/span><\/a>\n                    <\/div>\n    <\/div>\n<\/div>\n<section class=\"bloque bloque-blog bloquepvbejhlkgf  diseno-eduforics \">\n    <div class=\"container\">\n        <div class=\"background  \">\n            <div class=\"estrecho\">\n                <div class=\"row ultimas\">\n                                                            <div class=\"col-12 col-sm-6 d-flex align-items-stretch\" data-aos=\"fade-up\" data-aos-delay=\"200\" data-aos-duration=\"700\">\n                                    <a class=\"noticia \" href=\"https:\/\/oes.fundacion-sm.org\/pt-br\/eduforics\/educacao-inclusiva-e-de-qualidade\/educacao-desenvolvimento-sustentavel\/um-sonho-educativo-para-a-querida-amazonia\/\">\n    <div class=\"image\">\n        <img fetchpriority=\"high\" decoding=\"async\" width=\"835\" height=\"552\" src=\"https:\/\/oes.fundacion-sm.org\/wp-content\/uploads\/sites\/14\/2026\/09\/Amazonia.png\" class=\"img-fluid wp-post-image\" alt=\"\" srcset=\"https:\/\/oes.fundacion-sm.org\/wp-content\/uploads\/sites\/14\/2026\/09\/Amazonia.png 835w, https:\/\/oes.fundacion-sm.org\/wp-content\/uploads\/sites\/14\/2026\/09\/Amazonia-300x198.png 300w, https:\/\/oes.fundacion-sm.org\/wp-content\/uploads\/sites\/14\/2026\/09\/Amazonia-768x508.png 768w\" sizes=\"(max-width: 835px) 100vw, 835px\" \/>    <\/div>\n    <div class=\"datos\">\n        <div class=\"categoria\">Educa\u00e7\u00e3o para o desenvolvimento sustent\u00e1vel<\/div>\n        <h3 class=\"subtitulos\">Um sonho educativo para a \u201cQuerida Amaz\u00f4nia\u201d<\/h3>\n                <div class=\"autor\">Por <em>Equipe Funda\u00e7\u00e3o SM e Rede Eclesial Pan-Amaz\u00f4nica (REPAM-Brasil)<\/em><\/div>\n            <\/div>\n<\/a>                                    <\/div>\n                                                                    <div class=\"col-12 col-sm-6 d-flex align-items-stretch\" data-aos=\"fade-up\" data-aos-delay=\"500\" data-aos-duration=\"700\">\n                                    <a class=\"noticia \" href=\"https:\/\/oes.fundacion-sm.org\/pt-br\/eduforics\/reimaginar-juntos-os-futuros\/escolas-que-cuidam\/por-uma-versao-recontada-falar-sobre-antirracismo-entre-as-criancas-a-partir-das-historias-que-nao-lhes-sao-contadas\/\">\n    <div class=\"image\">\n        <img decoding=\"async\" width=\"890\" height=\"560\" src=\"https:\/\/oes.fundacion-sm.org\/wp-content\/uploads\/sites\/14\/2026\/09\/pexels-diana-onfilm-8771036-890x560.jpg\" class=\"img-fluid wp-post-image\" alt=\"\" srcset=\"https:\/\/oes.fundacion-sm.org\/wp-content\/uploads\/sites\/14\/2026\/09\/pexels-diana-onfilm-8771036-890x560.jpg 890w, https:\/\/oes.fundacion-sm.org\/wp-content\/uploads\/sites\/14\/2026\/09\/pexels-diana-onfilm-8771036-1056x664.jpg 1056w\" sizes=\"(max-width: 890px) 100vw, 890px\" \/>    <\/div>\n    <div class=\"datos\">\n        <div class=\"categoria\">Escolas que cuidam<\/div>\n        <h3 class=\"subtitulos\">Por uma vers\u00e3o recontada: falar sobre antirracismo entre as crian\u00e7as a partir das hist\u00f3rias que n\u00e3o lhes s\u00e3o contadas<\/h3>\n                <div class=\"autor\">Por <em>Joyce Elaine Cruz Machado<\/em><\/div>\n            <\/div>\n<\/a>                                    <\/div>\n                                                <\/div>\n            <\/div>\n        <\/div>\n    <\/div>\n<\/section>\n\n\t\t\t\t<\/div>\n\t\t\t\t<\/div>\n\t\t\t\t\t<\/div>\n\t\t<\/div>\n\t\t\t\t\t<\/div>\n\t\t<\/section>\n\t\t\t\t<\/div>\n\t\t","protected":false},"excerpt":{"rendered":"<p>O artigo analisa a narrativa b\u00edblica dos &#8220;disc\u00edpulos de Ema\u00fas&#8221; (Lc 24,13-35) desde um olhar educativo. Identifica nesse epis\u00f3dio um itiner\u00e1rio pedag\u00f3gico que integra raz\u00e3o, afetividade e experi\u00eancia, marcas constitutivas da Pedagogia de Jesus. De forma genu\u00edna, estabelece uma interlocu\u00e7\u00e3o com as ideias pedag\u00f3gicas de Paulo Freire e com os estudos sobre saberes docentes.\u00a0 O [&hellip;]<\/p>\n","protected":false},"author":8,"featured_media":21681,"comment_status":"closed","ping_status":"closed","sticky":false,"template":"","format":"standard","meta":{"_acf_changed":false,"footnotes":""},"categories":[36,67],"tags":[],"class_list":["post-21679","post","type-post","status-publish","format-standard","has-post-thumbnail","hentry","category-eduforics","category-pedagogia-e-curriculo"],"acf":[],"yoast_head":"<!-- This site is optimized with the Yoast SEO plugin v26.7 - https:\/\/yoast.com\/wordpress\/plugins\/seo\/ -->\n<title>O caminho de Ema\u00fas como paradigma pedag\u00f3gico - Eduforics - Observat\u00f3rio da escola na Ibero-Am\u00e9rica (OES)<\/title>\n<meta name=\"description\" content=\"O artigo analisa a narrativa b\u00edblica dos &quot;disc\u00edpulos de Ema\u00fas&quot; (Lc 24,13-35) desde um olhar educativo. Identifica nesse epis\u00f3dio um itiner\u00e1rio pedag\u00f3gico\" \/>\n<meta name=\"robots\" content=\"index, follow, max-snippet:-1, max-image-preview:large, max-video-preview:-1\" \/>\n<link rel=\"canonical\" href=\"https:\/\/oes.fundacion-sm.org\/pt-br\/eduforics\/reimaginar-juntos-os-futuros\/pedagogia-e-curriculo\/o-caminho-de-emaus-como-paradigma-pedagogico\/\" \/>\n<meta property=\"og:locale\" content=\"pt_BR\" \/>\n<meta property=\"og:type\" content=\"article\" \/>\n<meta property=\"og:title\" content=\"O caminho de Ema\u00fas como paradigma pedag\u00f3gico - Observat\u00f3rio da escola na Ibero-Am\u00e9rica (OES)\" \/>\n<meta property=\"og:description\" content=\"O artigo analisa a narrativa b\u00edblica dos &quot;disc\u00edpulos de Ema\u00fas&quot; (Lc 24,13-35) desde um olhar educativo. Identifica nesse epis\u00f3dio um itiner\u00e1rio pedag\u00f3gico\" \/>\n<meta property=\"og:url\" content=\"https:\/\/oes.fundacion-sm.org\/pt-br\/eduforics\/reimaginar-juntos-os-futuros\/pedagogia-e-curriculo\/o-caminho-de-emaus-como-paradigma-pedagogico\/\" \/>\n<meta property=\"og:site_name\" content=\"Observat\u00f3rio da escola na Ibero-Am\u00e9rica (OES)\" \/>\n<meta property=\"article:published_time\" content=\"2026-08-26T14:27:28+00:00\" \/>\n<meta property=\"article:modified_time\" content=\"2026-09-02T15:23:30+00:00\" \/>\n<meta property=\"og:image\" content=\"https:\/\/oes.fundacion-sm.org\/wp-content\/uploads\/sites\/14\/2026\/09\/Emaus.png\" \/>\n\t<meta property=\"og:image:width\" content=\"784\" \/>\n\t<meta property=\"og:image:height\" content=\"550\" \/>\n\t<meta property=\"og:image:type\" content=\"image\/png\" \/>\n<meta name=\"author\" content=\"augusto.ibanez@colex.grupo-sm.com\" \/>\n<meta name=\"twitter:card\" content=\"summary_large_image\" \/>\n<meta name=\"twitter:label1\" content=\"Escrito por\" \/>\n\t<meta name=\"twitter:data1\" content=\"augusto.ibanez@colex.grupo-sm.com\" \/>\n\t<meta name=\"twitter:label2\" content=\"Est. tempo de leitura\" \/>\n\t<meta name=\"twitter:data2\" content=\"16 minutos\" \/>\n<script type=\"application\/ld+json\" class=\"yoast-schema-graph\">{\"@context\":\"https:\/\/schema.org\",\"@graph\":[{\"@type\":\"Article\",\"@id\":\"https:\/\/oes.fundacion-sm.org\/pt-br\/eduforics\/reimaginar-juntos-os-futuros\/pedagogia-e-curriculo\/o-caminho-de-emaus-como-paradigma-pedagogico\/#article\",\"isPartOf\":{\"@id\":\"https:\/\/oes.fundacion-sm.org\/pt-br\/eduforics\/reimaginar-juntos-os-futuros\/pedagogia-e-curriculo\/o-caminho-de-emaus-como-paradigma-pedagogico\/\"},\"author\":{\"name\":\"augusto.ibanez@colex.grupo-sm.com\",\"@id\":\"https:\/\/oes.fundacion-sm.org\/pt-br\/#\/schema\/person\/70b96ded1131a24f5e350d4bb3407aa2\"},\"headline\":\"O caminho de Ema\u00fas como paradigma pedag\u00f3gico\",\"datePublished\":\"2026-08-26T14:27:28+00:00\",\"dateModified\":\"2026-09-02T15:23:30+00:00\",\"mainEntityOfPage\":{\"@id\":\"https:\/\/oes.fundacion-sm.org\/pt-br\/eduforics\/reimaginar-juntos-os-futuros\/pedagogia-e-curriculo\/o-caminho-de-emaus-como-paradigma-pedagogico\/\"},\"wordCount\":3091,\"publisher\":{\"@id\":\"https:\/\/oes.fundacion-sm.org\/pt-br\/#organization\"},\"image\":{\"@id\":\"https:\/\/oes.fundacion-sm.org\/pt-br\/eduforics\/reimaginar-juntos-os-futuros\/pedagogia-e-curriculo\/o-caminho-de-emaus-como-paradigma-pedagogico\/#primaryimage\"},\"thumbnailUrl\":\"https:\/\/oes.fundacion-sm.org\/wp-content\/uploads\/sites\/14\/2026\/09\/Emaus.png\",\"articleSection\":[\"EDUforics\",\"Pedagogia e curr\u00edculo\"],\"inLanguage\":\"pt-BR\"},{\"@type\":\"WebPage\",\"@id\":\"https:\/\/oes.fundacion-sm.org\/pt-br\/eduforics\/reimaginar-juntos-os-futuros\/pedagogia-e-curriculo\/o-caminho-de-emaus-como-paradigma-pedagogico\/\",\"url\":\"https:\/\/oes.fundacion-sm.org\/pt-br\/eduforics\/reimaginar-juntos-os-futuros\/pedagogia-e-curriculo\/o-caminho-de-emaus-como-paradigma-pedagogico\/\",\"name\":\"O caminho de Ema\u00fas como paradigma pedag\u00f3gico - Observat\u00f3rio da escola na Ibero-Am\u00e9rica (OES)\",\"isPartOf\":{\"@id\":\"https:\/\/oes.fundacion-sm.org\/pt-br\/#website\"},\"primaryImageOfPage\":{\"@id\":\"https:\/\/oes.fundacion-sm.org\/pt-br\/eduforics\/reimaginar-juntos-os-futuros\/pedagogia-e-curriculo\/o-caminho-de-emaus-como-paradigma-pedagogico\/#primaryimage\"},\"image\":{\"@id\":\"https:\/\/oes.fundacion-sm.org\/pt-br\/eduforics\/reimaginar-juntos-os-futuros\/pedagogia-e-curriculo\/o-caminho-de-emaus-como-paradigma-pedagogico\/#primaryimage\"},\"thumbnailUrl\":\"https:\/\/oes.fundacion-sm.org\/wp-content\/uploads\/sites\/14\/2026\/09\/Emaus.png\",\"datePublished\":\"2026-08-26T14:27:28+00:00\",\"dateModified\":\"2026-09-02T15:23:30+00:00\",\"description\":\"O artigo analisa a narrativa b\u00edblica dos \\\"disc\u00edpulos de Ema\u00fas\\\" (Lc 24,13-35) desde um olhar educativo. Identifica nesse epis\u00f3dio um itiner\u00e1rio pedag\u00f3gico\",\"breadcrumb\":{\"@id\":\"https:\/\/oes.fundacion-sm.org\/pt-br\/eduforics\/reimaginar-juntos-os-futuros\/pedagogia-e-curriculo\/o-caminho-de-emaus-como-paradigma-pedagogico\/#breadcrumb\"},\"inLanguage\":\"pt-BR\",\"potentialAction\":[{\"@type\":\"ReadAction\",\"target\":[\"https:\/\/oes.fundacion-sm.org\/pt-br\/eduforics\/reimaginar-juntos-os-futuros\/pedagogia-e-curriculo\/o-caminho-de-emaus-como-paradigma-pedagogico\/\"]}]},{\"@type\":\"ImageObject\",\"inLanguage\":\"pt-BR\",\"@id\":\"https:\/\/oes.fundacion-sm.org\/pt-br\/eduforics\/reimaginar-juntos-os-futuros\/pedagogia-e-curriculo\/o-caminho-de-emaus-como-paradigma-pedagogico\/#primaryimage\",\"url\":\"https:\/\/oes.fundacion-sm.org\/wp-content\/uploads\/sites\/14\/2026\/09\/Emaus.png\",\"contentUrl\":\"https:\/\/oes.fundacion-sm.org\/wp-content\/uploads\/sites\/14\/2026\/09\/Emaus.png\",\"width\":784,\"height\":550,\"caption\":\"Imagem produzida pelo autor, por meio de ChatGPT, para fins deste artigo, 2026.\"},{\"@type\":\"BreadcrumbList\",\"@id\":\"https:\/\/oes.fundacion-sm.org\/pt-br\/eduforics\/reimaginar-juntos-os-futuros\/pedagogia-e-curriculo\/o-caminho-de-emaus-como-paradigma-pedagogico\/#breadcrumb\",\"itemListElement\":[{\"@type\":\"ListItem\",\"position\":1,\"name\":\"Inicio\",\"item\":\"https:\/\/oes.fundacion-sm.org\/pt-br\/\"},{\"@type\":\"ListItem\",\"position\":2,\"name\":\"EDUforics\",\"item\":\"https:\/\/oes.fundacion-sm.org\/pt-br\/eduforics\/\"},{\"@type\":\"ListItem\",\"position\":3,\"name\":\"Reimaginar juntos os futuros\",\"item\":\"https:\/\/oes.fundacion-sm.org\/pt-br\/eduforics\/reimaginar-juntos-os-futuros\/\"},{\"@type\":\"ListItem\",\"position\":4,\"name\":\"Pedagogia e curr\u00edculo\",\"item\":\"https:\/\/oes.fundacion-sm.org\/pt-br\/eduforics\/reimaginar-juntos-os-futuros\/pedagogia-e-curriculo\/\"},{\"@type\":\"ListItem\",\"position\":5,\"name\":\"O caminho de Ema\u00fas como paradigma pedag\u00f3gico\"}]},{\"@type\":\"WebSite\",\"@id\":\"https:\/\/oes.fundacion-sm.org\/pt-br\/#website\",\"url\":\"https:\/\/oes.fundacion-sm.org\/pt-br\/\",\"name\":\"Observat\u00f3rio da escola na Ibero-Am\u00e9rica (OES)\",\"description\":\"Funda\u00e7\u00e3o SM\",\"publisher\":{\"@id\":\"https:\/\/oes.fundacion-sm.org\/pt-br\/#organization\"},\"alternateName\":\"OES\",\"potentialAction\":[{\"@type\":\"SearchAction\",\"target\":{\"@type\":\"EntryPoint\",\"urlTemplate\":\"https:\/\/oes.fundacion-sm.org\/pt-br\/?s={search_term_string}\"},\"query-input\":{\"@type\":\"PropertyValueSpecification\",\"valueRequired\":true,\"valueName\":\"search_term_string\"}}],\"inLanguage\":\"pt-BR\"},{\"@type\":\"Organization\",\"@id\":\"https:\/\/oes.fundacion-sm.org\/pt-br\/#organization\",\"name\":\"Fundaci\u00f3n SM\",\"url\":\"https:\/\/oes.fundacion-sm.org\/pt-br\/\",\"logo\":{\"@type\":\"ImageObject\",\"inLanguage\":\"pt-BR\",\"@id\":\"https:\/\/oes.fundacion-sm.org\/pt-br\/#\/schema\/logo\/image\/\",\"url\":\"https:\/\/oes.fundacion-sm.org\/wp-content\/uploads\/sites\/14\/2023\/10\/logotipo-fundacion-sm.png\",\"contentUrl\":\"https:\/\/oes.fundacion-sm.org\/wp-content\/uploads\/sites\/14\/2023\/10\/logotipo-fundacion-sm.png\",\"width\":447,\"height\":85,\"caption\":\"Fundaci\u00f3n SM\"},\"image\":{\"@id\":\"https:\/\/oes.fundacion-sm.org\/pt-br\/#\/schema\/logo\/image\/\"}},{\"@type\":\"Person\",\"@id\":\"https:\/\/oes.fundacion-sm.org\/pt-br\/#\/schema\/person\/70b96ded1131a24f5e350d4bb3407aa2\",\"name\":\"augusto.ibanez@colex.grupo-sm.com\"}]}<\/script>\n<!-- \/ Yoast SEO plugin. -->","yoast_head_json":{"title":"O caminho de Ema\u00fas como paradigma pedag\u00f3gico - Eduforics - Observat\u00f3rio da escola na Ibero-Am\u00e9rica (OES)","description":"O artigo analisa a narrativa b\u00edblica dos \"disc\u00edpulos de Ema\u00fas\" (Lc 24,13-35) desde um olhar educativo. Identifica nesse epis\u00f3dio um itiner\u00e1rio pedag\u00f3gico","robots":{"index":"index","follow":"follow","max-snippet":"max-snippet:-1","max-image-preview":"max-image-preview:large","max-video-preview":"max-video-preview:-1"},"canonical":"https:\/\/oes.fundacion-sm.org\/pt-br\/eduforics\/reimaginar-juntos-os-futuros\/pedagogia-e-curriculo\/o-caminho-de-emaus-como-paradigma-pedagogico\/","og_locale":"pt_BR","og_type":"article","og_title":"O caminho de Ema\u00fas como paradigma pedag\u00f3gico - Observat\u00f3rio da escola na Ibero-Am\u00e9rica (OES)","og_description":"O artigo analisa a narrativa b\u00edblica dos \"disc\u00edpulos de Ema\u00fas\" (Lc 24,13-35) desde um olhar educativo. Identifica nesse epis\u00f3dio um itiner\u00e1rio pedag\u00f3gico","og_url":"https:\/\/oes.fundacion-sm.org\/pt-br\/eduforics\/reimaginar-juntos-os-futuros\/pedagogia-e-curriculo\/o-caminho-de-emaus-como-paradigma-pedagogico\/","og_site_name":"Observat\u00f3rio da escola na Ibero-Am\u00e9rica (OES)","article_published_time":"2026-08-26T14:27:28+00:00","article_modified_time":"2026-09-02T15:23:30+00:00","og_image":[{"width":784,"height":550,"url":"https:\/\/oes.fundacion-sm.org\/wp-content\/uploads\/sites\/14\/2026\/09\/Emaus.png","type":"image\/png"}],"author":"augusto.ibanez@colex.grupo-sm.com","twitter_card":"summary_large_image","twitter_misc":{"Escrito por":"augusto.ibanez@colex.grupo-sm.com","Est. tempo de leitura":"16 minutos"},"schema":{"@context":"https:\/\/schema.org","@graph":[{"@type":"Article","@id":"https:\/\/oes.fundacion-sm.org\/pt-br\/eduforics\/reimaginar-juntos-os-futuros\/pedagogia-e-curriculo\/o-caminho-de-emaus-como-paradigma-pedagogico\/#article","isPartOf":{"@id":"https:\/\/oes.fundacion-sm.org\/pt-br\/eduforics\/reimaginar-juntos-os-futuros\/pedagogia-e-curriculo\/o-caminho-de-emaus-como-paradigma-pedagogico\/"},"author":{"name":"augusto.ibanez@colex.grupo-sm.com","@id":"https:\/\/oes.fundacion-sm.org\/pt-br\/#\/schema\/person\/70b96ded1131a24f5e350d4bb3407aa2"},"headline":"O caminho de Ema\u00fas como paradigma pedag\u00f3gico","datePublished":"2026-08-26T14:27:28+00:00","dateModified":"2026-09-02T15:23:30+00:00","mainEntityOfPage":{"@id":"https:\/\/oes.fundacion-sm.org\/pt-br\/eduforics\/reimaginar-juntos-os-futuros\/pedagogia-e-curriculo\/o-caminho-de-emaus-como-paradigma-pedagogico\/"},"wordCount":3091,"publisher":{"@id":"https:\/\/oes.fundacion-sm.org\/pt-br\/#organization"},"image":{"@id":"https:\/\/oes.fundacion-sm.org\/pt-br\/eduforics\/reimaginar-juntos-os-futuros\/pedagogia-e-curriculo\/o-caminho-de-emaus-como-paradigma-pedagogico\/#primaryimage"},"thumbnailUrl":"https:\/\/oes.fundacion-sm.org\/wp-content\/uploads\/sites\/14\/2026\/09\/Emaus.png","articleSection":["EDUforics","Pedagogia e curr\u00edculo"],"inLanguage":"pt-BR"},{"@type":"WebPage","@id":"https:\/\/oes.fundacion-sm.org\/pt-br\/eduforics\/reimaginar-juntos-os-futuros\/pedagogia-e-curriculo\/o-caminho-de-emaus-como-paradigma-pedagogico\/","url":"https:\/\/oes.fundacion-sm.org\/pt-br\/eduforics\/reimaginar-juntos-os-futuros\/pedagogia-e-curriculo\/o-caminho-de-emaus-como-paradigma-pedagogico\/","name":"O caminho de Ema\u00fas como paradigma pedag\u00f3gico - Observat\u00f3rio da escola na Ibero-Am\u00e9rica (OES)","isPartOf":{"@id":"https:\/\/oes.fundacion-sm.org\/pt-br\/#website"},"primaryImageOfPage":{"@id":"https:\/\/oes.fundacion-sm.org\/pt-br\/eduforics\/reimaginar-juntos-os-futuros\/pedagogia-e-curriculo\/o-caminho-de-emaus-como-paradigma-pedagogico\/#primaryimage"},"image":{"@id":"https:\/\/oes.fundacion-sm.org\/pt-br\/eduforics\/reimaginar-juntos-os-futuros\/pedagogia-e-curriculo\/o-caminho-de-emaus-como-paradigma-pedagogico\/#primaryimage"},"thumbnailUrl":"https:\/\/oes.fundacion-sm.org\/wp-content\/uploads\/sites\/14\/2026\/09\/Emaus.png","datePublished":"2026-08-26T14:27:28+00:00","dateModified":"2026-09-02T15:23:30+00:00","description":"O artigo analisa a narrativa b\u00edblica dos \"disc\u00edpulos de Ema\u00fas\" (Lc 24,13-35) desde um olhar educativo. Identifica nesse epis\u00f3dio um itiner\u00e1rio pedag\u00f3gico","breadcrumb":{"@id":"https:\/\/oes.fundacion-sm.org\/pt-br\/eduforics\/reimaginar-juntos-os-futuros\/pedagogia-e-curriculo\/o-caminho-de-emaus-como-paradigma-pedagogico\/#breadcrumb"},"inLanguage":"pt-BR","potentialAction":[{"@type":"ReadAction","target":["https:\/\/oes.fundacion-sm.org\/pt-br\/eduforics\/reimaginar-juntos-os-futuros\/pedagogia-e-curriculo\/o-caminho-de-emaus-como-paradigma-pedagogico\/"]}]},{"@type":"ImageObject","inLanguage":"pt-BR","@id":"https:\/\/oes.fundacion-sm.org\/pt-br\/eduforics\/reimaginar-juntos-os-futuros\/pedagogia-e-curriculo\/o-caminho-de-emaus-como-paradigma-pedagogico\/#primaryimage","url":"https:\/\/oes.fundacion-sm.org\/wp-content\/uploads\/sites\/14\/2026\/09\/Emaus.png","contentUrl":"https:\/\/oes.fundacion-sm.org\/wp-content\/uploads\/sites\/14\/2026\/09\/Emaus.png","width":784,"height":550,"caption":"Imagem produzida pelo autor, por meio de ChatGPT, para fins deste artigo, 2026."},{"@type":"BreadcrumbList","@id":"https:\/\/oes.fundacion-sm.org\/pt-br\/eduforics\/reimaginar-juntos-os-futuros\/pedagogia-e-curriculo\/o-caminho-de-emaus-como-paradigma-pedagogico\/#breadcrumb","itemListElement":[{"@type":"ListItem","position":1,"name":"Inicio","item":"https:\/\/oes.fundacion-sm.org\/pt-br\/"},{"@type":"ListItem","position":2,"name":"EDUforics","item":"https:\/\/oes.fundacion-sm.org\/pt-br\/eduforics\/"},{"@type":"ListItem","position":3,"name":"Reimaginar juntos os futuros","item":"https:\/\/oes.fundacion-sm.org\/pt-br\/eduforics\/reimaginar-juntos-os-futuros\/"},{"@type":"ListItem","position":4,"name":"Pedagogia e curr\u00edculo","item":"https:\/\/oes.fundacion-sm.org\/pt-br\/eduforics\/reimaginar-juntos-os-futuros\/pedagogia-e-curriculo\/"},{"@type":"ListItem","position":5,"name":"O caminho de Ema\u00fas como paradigma pedag\u00f3gico"}]},{"@type":"WebSite","@id":"https:\/\/oes.fundacion-sm.org\/pt-br\/#website","url":"https:\/\/oes.fundacion-sm.org\/pt-br\/","name":"Observat\u00f3rio da escola na Ibero-Am\u00e9rica (OES)","description":"Funda\u00e7\u00e3o SM","publisher":{"@id":"https:\/\/oes.fundacion-sm.org\/pt-br\/#organization"},"alternateName":"OES","potentialAction":[{"@type":"SearchAction","target":{"@type":"EntryPoint","urlTemplate":"https:\/\/oes.fundacion-sm.org\/pt-br\/?s={search_term_string}"},"query-input":{"@type":"PropertyValueSpecification","valueRequired":true,"valueName":"search_term_string"}}],"inLanguage":"pt-BR"},{"@type":"Organization","@id":"https:\/\/oes.fundacion-sm.org\/pt-br\/#organization","name":"Fundaci\u00f3n SM","url":"https:\/\/oes.fundacion-sm.org\/pt-br\/","logo":{"@type":"ImageObject","inLanguage":"pt-BR","@id":"https:\/\/oes.fundacion-sm.org\/pt-br\/#\/schema\/logo\/image\/","url":"https:\/\/oes.fundacion-sm.org\/wp-content\/uploads\/sites\/14\/2023\/10\/logotipo-fundacion-sm.png","contentUrl":"https:\/\/oes.fundacion-sm.org\/wp-content\/uploads\/sites\/14\/2023\/10\/logotipo-fundacion-sm.png","width":447,"height":85,"caption":"Fundaci\u00f3n SM"},"image":{"@id":"https:\/\/oes.fundacion-sm.org\/pt-br\/#\/schema\/logo\/image\/"}},{"@type":"Person","@id":"https:\/\/oes.fundacion-sm.org\/pt-br\/#\/schema\/person\/70b96ded1131a24f5e350d4bb3407aa2","name":"augusto.ibanez@colex.grupo-sm.com"}]}},"_links":{"self":[{"href":"https:\/\/oes.fundacion-sm.org\/pt-br\/wp-json\/wp\/v2\/posts\/21679","targetHints":{"allow":["GET"]}}],"collection":[{"href":"https:\/\/oes.fundacion-sm.org\/pt-br\/wp-json\/wp\/v2\/posts"}],"about":[{"href":"https:\/\/oes.fundacion-sm.org\/pt-br\/wp-json\/wp\/v2\/types\/post"}],"author":[{"embeddable":true,"href":"https:\/\/oes.fundacion-sm.org\/pt-br\/wp-json\/wp\/v2\/users\/8"}],"replies":[{"embeddable":true,"href":"https:\/\/oes.fundacion-sm.org\/pt-br\/wp-json\/wp\/v2\/comments?post=21679"}],"version-history":[{"count":11,"href":"https:\/\/oes.fundacion-sm.org\/pt-br\/wp-json\/wp\/v2\/posts\/21679\/revisions"}],"predecessor-version":[{"id":21692,"href":"https:\/\/oes.fundacion-sm.org\/pt-br\/wp-json\/wp\/v2\/posts\/21679\/revisions\/21692"}],"wp:featuredmedia":[{"embeddable":true,"href":"https:\/\/oes.fundacion-sm.org\/pt-br\/wp-json\/wp\/v2\/media\/21681"}],"wp:attachment":[{"href":"https:\/\/oes.fundacion-sm.org\/pt-br\/wp-json\/wp\/v2\/media?parent=21679"}],"wp:term":[{"taxonomy":"category","embeddable":true,"href":"https:\/\/oes.fundacion-sm.org\/pt-br\/wp-json\/wp\/v2\/categories?post=21679"},{"taxonomy":"post_tag","embeddable":true,"href":"https:\/\/oes.fundacion-sm.org\/pt-br\/wp-json\/wp\/v2\/tags?post=21679"}],"curies":[{"name":"wp","href":"https:\/\/api.w.org\/{rel}","templated":true}]}}