{"id":9812,"date":"2019-05-08T21:22:00","date_gmt":"2019-05-08T19:22:00","guid":{"rendered":"https:\/\/oes.fundacion-sm.org\/noticias\/myra-por-una-red-de-lectura-en-dialogo\/"},"modified":"2023-09-15T10:50:26","modified_gmt":"2023-09-15T08:50:26","slug":"myra-por-uma-rede-de-leitura-em-dialogo","status":"publish","type":"post","link":"https:\/\/oes.fundacion-sm.org\/pt-br\/eduforics\/experiencias-e-recursos-pt-br\/boas-praticas\/myra-por-uma-rede-de-leitura-em-dialogo\/","title":{"rendered":"Myra: Por uma rede de leitura em di\u00e1logo"},"content":{"rendered":"\t\t<div data-elementor-type=\"wp-post\" data-elementor-id=\"9812\" class=\"elementor elementor-9812 elementor-7126\" data-elementor-post-type=\"post\">\n\t\t\t\t\t\t<section class=\"elementor-section elementor-top-section elementor-element elementor-element-24fe6357 elementor-section-full_width elementor-section-height-default elementor-section-height-default\" data-id=\"24fe6357\" data-element_type=\"section\">\n\t\t\t\t\t\t<div class=\"elementor-container elementor-column-gap-default\">\n\t\t\t\t\t<div class=\"elementor-column elementor-col-100 elementor-top-column elementor-element elementor-element-2064462\" data-id=\"2064462\" data-element_type=\"column\">\n\t\t\t<div class=\"elementor-widget-wrap elementor-element-populated\">\n\t\t\t\t\t\t<div class=\"elementor-element elementor-element-294b429 elementor-widget elementor-widget-bloque-texto\" data-id=\"294b429\" data-element_type=\"widget\" data-widget_type=\"bloque-texto.default\">\n\t\t\t\t<div class=\"elementor-widget-container\">\n\t\t\t\t\t<!-- Texto -->\n<section class=\"bloque bloque-texto  \">\n    <div class=\"container\">\n        <div class=\"estrecho2\">\n                        <div class=\"subtitulos\" data-aos=\"fade-left\" data-aos-duration=\"700\"><p><em><strong>Priscila Fernandes<\/strong> \u00e9 jornalista e doutoranda em Literatura pela Universidade Presbiteriana Mackenzie.<\/em><\/p><\/div>\n            \n            <div class=\"row\">\n                <div class=\"col-sm-12\">\n                    <div class=\"the_content\" data-aos=\"fade-up\" data-aos-duration=\"700\">\n                                            <\/div>\n                <\/div>\n            <\/div>\n        <\/div>\n    <\/div>\n<\/section>\t\t\t\t<\/div>\n\t\t\t\t<\/div>\n\t\t\t\t<div class=\"elementor-element elementor-element-519c138 elementor-widget elementor-widget-bloque-cita\" data-id=\"519c138\" data-element_type=\"widget\" data-widget_type=\"bloque-cita.default\">\n\t\t\t\t<div class=\"elementor-widget-container\">\n\t\t\t\t\t<!-- Cita   -->\n<section class=\"bloque bloque-quotes \">\n    <div class=\"container\">\n        <div class=\"row row-cols-auto justify-content-start\">\n            <div class=\"col\">\n                <figure data-aos=\"fade-left\" data-aos-duration=\"700\">\n                    <blockquote class=\"blockquote\">\n                                                <q class=\"subtitulos\">\u201cPenso que a leitura n\u00e3o \u00e9 compar\u00e1vel a nenhum meio de aprendizado e comunica\u00e7\u00e3o, porque ela tem um ritmo pr\u00f3prio, que \u00e9 governado pela vontade do leitor; a leitura abre espa\u00e7os de interroga\u00e7\u00e3o, de medita\u00e7\u00e3o e de exame cr\u00edtico, enfim, de liberdade; a leitura \u00e9 uma rela\u00e7\u00e3o com n\u00f3s mesmos, e n\u00e3o apenas com o livro: como nosso mundo interior, atrav\u00e9s do mundo que os livros nos abre\u201d<\/q>\n                    <\/blockquote>\n                                        <figcaption class=\"blockquote-footer\" data-aos=\"fade-up\" data-aos-delay=\"300\" data-aos-duration=\"700\">\n                        \u00cdtalo Calvino, in Mundo escrito e mundo n\u00e3o escrito.\n                    <\/figcaption>\n                                    <\/figure>\n            <\/div>\n        <\/div>\n    <\/div>\n<\/section>\t\t\t\t<\/div>\n\t\t\t\t<\/div>\n\t\t\t\t<div class=\"elementor-element elementor-element-39bd6c7a elementor-widget elementor-widget-bloque-texto\" data-id=\"39bd6c7a\" data-element_type=\"widget\" data-widget_type=\"bloque-texto.default\">\n\t\t\t\t<div class=\"elementor-widget-container\">\n\t\t\t\t\t<!-- Texto -->\n<section class=\"bloque bloque-texto  \">\n    <div class=\"container\">\n        <div class=\"estrecho2\">\n            \n            <div class=\"row\">\n                <div class=\"col-sm-12\">\n                    <div class=\"the_content\" data-aos=\"fade-up\" data-aos-duration=\"700\">\n                        <p>Em um dos artigos de <em>Mundo escrito, mundo n\u00e3o escrito<\/em>, o escritor \u00cdtalo Calvino aborda <strong>a import\u00e2ncia da leitura para a constru\u00e7\u00e3o de um mundo interior, explicitando a amplitude de horizontes que a atividade pode propiciar<\/strong>. Mas para alcan\u00e7ar a liberdade a partir do texto \u00e9 preciso um caminho de experimenta\u00e7\u00e3o, de exerc\u00edcio de leitura, que, quando mediado pela generosidade de um outro leitor mais experiente, pode potencializar n\u00e3o s\u00f3 a percep\u00e7\u00e3o e rela\u00e7\u00e3o com o mundo interior, como a capacidade de dialogar com outras pessoas, com o mundo exterior.<\/p>\n<p>Essa ideia de amplia\u00e7\u00e3o de horizontes, de di\u00e1logo, de conex\u00e3o e de desenvolvimento integral est\u00e1 na base da constitui\u00e7\u00e3o do <a href=\"https:\/\/www.grupo-sm.com\/es\/post\/myra-juntos-por-la-lectura\" target=\"_blank\" rel=\"noopener\">Programa Myra<\/a>, iniciativa desenvolvida pela <a href=\"https:\/\/www.fundacaosmbrasil.org\/\" target=\"_blank\" rel=\"noopener\">Funda\u00e7\u00e3o SM<\/a>, com apoio t\u00e9cnico da <a href=\"https:\/\/www.comunidadeeducativa.org.br\/\" target=\"_blank\" rel=\"noopener\">Comunidade Educativa CEDAC<\/a>. \u201cO Myra nasce sob o signo da generosidade, quando a <a href=\"http:\/\/www.fbofill.cat\/\" target=\"_blank\" rel=\"noopener\">Funda\u00e7\u00e3o Jaume Bofill<\/a> doa as bases de seu projeto <a href=\"https:\/\/lecxit.cat\/es\/\" target=\"_blank\" rel=\"noopener\">Lecxit<\/a> para a cria\u00e7\u00e3o de um programa ajustado \u00e0s necessidades da realidade brasileira\u201d, explica Pilar Lacerda, diretora da Funda\u00e7\u00e3o SM Brasil.<\/p>\n<p><strong>No Brasil, o projeto recebeu o nome de origem Tupi,<\/strong><em><strong> Myra<\/strong><\/em><strong>, que remete aos voc\u00e1bulos gente, pessoas, grupo, e concentra valores fundamentais para o Programa, como integra\u00e7\u00e3o, coletividade, rela\u00e7\u00f5es, desenvolvimento e horizontes. <\/strong><\/p>\n<p>Na pr\u00e1tica, a iniciativa gesta uma rede pela leitura, composta por atores diversos, que t\u00eam em comum o interesse de contribuir para melhorar cada vez mais a compreens\u00e3o e o desempenho leitor de estudantes, do 4\u00ba ao 6\u00ba ano, do ensino fundamental da rede p\u00fablica brasileira. Gestores, professores, fam\u00edlias, volunt\u00e1rios e crian\u00e7as integram essa comunidade, alicer\u00e7ada na ideia de que a leitura \u00e9 um direito de todos e via de acesso aos bens culturais constru\u00eddos pela humanidade.<\/p>\n<p>Presente em quatro escolas de S\u00e3o Paulo \u2013 Escola Municipal de Ensino Fundamental Coronel Ary Gomes, Escola Municipal de Ensino Fundamental Cacilda Becker, Escola Municipal de Ensino Fundamental Desembargador Amorim Lima e Escola Estadual Alfredo Paulino \u2013, o Programa promove encontros semanais, com uma hora de dura\u00e7\u00e3o, em que um volunt\u00e1rio-tutor e uma crian\u00e7a realizam atividades em torno da leitura. <strong>Nesse sentido, enfatiza a constru\u00e7\u00e3o de v\u00ednculos entre leitores e leituras, e entre volunt\u00e1rios-tutores e crian\u00e7as \u2013 o que nos remete \u00e0 afirma\u00e7\u00e3o de Paulo Freire, em <\/strong><em><strong>Pedagogia do oprimido<\/strong><\/em><strong>, sobre uma \u201ceduca\u00e7\u00e3o aut\u00eantica\u201d poss\u00edvel apenas na equa\u00e7\u00e3o \u201cde A com B, mediatizados pelo mundo\u201d, e n\u00e3o \u201cde A para B ou de A sobre B\u201d.<\/strong><\/p>\n<h2>Sobre \u201cA <em>com <\/em>B\u201d \u2013 A leitura em di\u00e1logo<\/h2>\n<p>\u201cO que me motivou a participar do Programa Myra foi simplesmente a vontade de ajudar. Atrav\u00e9s dessa experi\u00eancia, aprendi muito. Aprendi a escutar melhor quem est\u00e1 comigo. Tamb\u00e9m aprendi a compreender as necessidades do tutorando para elaborar as atividades da sess\u00e3o de leitura. <strong>Partindo desse ponto de vista, deixo os meus interesses de lado e coloco foco nos interesses e necessidades do tutorando<\/strong>\u201d, compartilha o ator Marco Antonio Moreira a respeito de sua experi\u00eancia como volunt\u00e1rio do Programa.<\/p>\n<p>O relato sobre o desejo inicial de ajudar uma crian\u00e7a a ler, muito comum nas primeiras falas dos que se candidatam a participar do Myra, ganha novos contornos ao longo do processo, quando o volunt\u00e1rio \u2013 a partir das forma\u00e7\u00f5es e conte\u00fados disponibilizados pelo Programa e dos encontros com as crian\u00e7as \u2013 <strong>percebe que sua atua\u00e7\u00e3o vai al\u00e9m da ideia de doa\u00e7\u00e3o de tempo para uma causa, demandando v\u00ednculo, escuta e, principalmente, o di\u00e1logo com o outro<\/strong>. <strong>O volunt\u00e1rio, a princ\u00edpio considerado um agente para a transforma\u00e7\u00e3o, tamb\u00e9m se transforma, completando um c\u00edrculo virtuoso de desenvolvimento da comunidade na qual est\u00e1 inserido<\/strong>. \u201cO projeto impacta de uma maneira muito positiva, porque o aprendizado \u00e9 constante. \u00c9 uma troca. \u00c9 doa\u00e7\u00e3o dos dois lados: de tempo, de escuta, de ideias e de sentimentos. Do meu lado, posso dizer que impacta a rotina; o meu olhar para as coisas do mundo a partir das conversas que tivemos nas sess\u00f5es; a busca pelos livros a serem lidos; a alegria de quando o livro \u00e9 bem aceito; ou a frustra\u00e7\u00e3o de um livro que a crian\u00e7a n\u00e3o tenha gostado. <strong>Acredito que para a crian\u00e7a esse momento de aten\u00e7\u00e3o, que \u00e9 \u00fanico e s\u00f3 dela, faz com que adquira confian\u00e7a em si mesma, al\u00e9m, \u00e9 claro, do est\u00edmulo \u00e0 curiosidade, \u00e0 imagina\u00e7\u00e3o e ao interesse pelos livros<\/strong>\u201d, conta Renata Augusto Ferreira, que inicia seu segundo ano de atua\u00e7\u00e3o como volunt\u00e1ria.<\/p>\n<p>Para Cristiane Tavares, coordenadora pedag\u00f3gica do Myra, pela equipe do CEDAC, um dos aspectos que diferencia o Programa \u00e9 o comprometimento de todos os envolvidos. \u201c<strong>O Myra valoriza a presen\u00e7a qualificada como condi\u00e7\u00e3o para o estabelecimento de v\u00ednculos afetivos, determinantes para toda e qualquer aprendizagem. <\/strong>O compromisso e a frequ\u00eancia do volunt\u00e1rio constroem uma rela\u00e7\u00e3o de confian\u00e7a e perman\u00eancia que qualifica muito positivamente os encontros. Al\u00e9m disso, h\u00e1 todo um cuidado da equipe para apoiar o volunt\u00e1rio nas mais diversas demandas: da escolha dos livros a serem compartilhados com as crian\u00e7as \u00e0s m\u00faltiplas formas de estabelecer conversas sobre as leituras, valorizando, sobretudo, a escuta\u201d, explica.<\/p>\n<h2>Resultados para al\u00e9m dos n\u00fameros<\/h2>\n<p>A mensura\u00e7\u00e3o do sucesso de um projeto social n\u00e3o \u00e9 tarefa simples. \u00c9 preciso estabelecer e monitorar indicadores palp\u00e1veis, como n\u00famero de envolvidos, capilaridade e crescimento, <strong>mas tamb\u00e9m estar alerta aos aspectos menos tang\u00edveis, por\u00e9m essenciais, como o n\u00edvel e a qualidade da aprendizagem, o desenvolvimento socioemocional e o impacto positivo do trabalho na comunidade. <\/strong><\/p>\n<p>No Myra, a avalia\u00e7\u00e3o pedag\u00f3gica figura como um dos \u00edndices de materializa\u00e7\u00e3o dos objetivos. No in\u00edcio de cada ano letivo, todos os estudantes realizam uma avalia\u00e7\u00e3o que mapeia as compet\u00eancias leitoras individuais e do grupo. A partir dos resultados desse instrumento e das indica\u00e7\u00f5es da escola, alguns alunos s\u00e3o convidados a integrar o Programa, sendo direcionados a seus respectivos volunt\u00e1rios-tutores. No final do ano, a turma realiza uma segunda avalia\u00e7\u00e3o, que tra\u00e7a o desenvolvimento de cada estudante e do grupo de forma geral. As duas provas ministradas s\u00e3o confrontadas, revelando os n\u00edveis de aprendizagem do grupo em compara\u00e7\u00e3o com os dos alunos que participaram do Programa.<\/p>\n<p>Em 2018, os resultados obtidos no in\u00edcio do ano revelaram que os alunos selecionados para o Programa Myra acertaram 30% da avalia\u00e7\u00e3o pedag\u00f3gica, enquanto a m\u00e9dia da turma era de 55%. No final do ano letivo, os alunos Myra chegaram \u00e0 m\u00e9dia de acertos de 52% (crescendo 22 pontos), e a m\u00e9dia da turma subiu para 63% (oito pontos a mais). Comparativamente, se no in\u00edcio do ano a diferen\u00e7a entre os alunos Myra e a turma era de 25%, no final do ano, essa discrep\u00e2ncia caiu para 11%, indicando n\u00e3o s\u00f3 uma acentua\u00e7\u00e3o da curva de crescimento dos alunos que participaram do Myra, como uma proje\u00e7\u00e3o de que, em pouco tempo, essas crian\u00e7as alcan\u00e7ar\u00e3o a turma.<\/p>\n<p>Para al\u00e9m do retrato definido pelos n\u00fameros, o Programa re\u00fane hist\u00f3rias de desenvolvimento real, narradas por aqueles que est\u00e3o cotidianamente em contato com as crian\u00e7as \u2013 seus coordenadores, professores e familiares. A professora do 5\u00ba ano da Escola Estadual Alfredo Paulino, Carmem Silvia Bueno, partilha sua percep\u00e7\u00e3o sobre a evolu\u00e7\u00e3o de meninos e meninas que participaram do Myra<strong>.<\/strong>\u201cObservamos um fortalecimento da autoestima desses alunos, que tinham muita dificuldade de leitura e mantinham uma postura ap\u00e1tica na sala de aula, como se n\u00e3o fizessem parte do grupo. Na medida que eles foram recebendo o acompanhamento dos volunt\u00e1rios, foram melhorando a capacidade de leitura, a participa\u00e7\u00e3o em aula, a autoestima. Come\u00e7aram a n\u00e3o encontrar tanta dificuldade na realiza\u00e7\u00e3o das atividades, tiveram mais interesse pelo acervo de leitura da sala. Acho que isso contribuiu para que pudessem acreditar mais no pr\u00f3prio potencial e seguir para o sexto ano fortalecidos. Quando a autoestima do aluno melhora, muda o comportamento, muda a nota, tudo \u00e9 consequ\u00eancia\u201d.<\/p>\n<p>O impacto positivo no dia a dia das crian\u00e7as fez com que as quatro escolas repactuassem sua participa\u00e7\u00e3o no Programa e ampliassem sua atua\u00e7\u00e3o. Desde a primeira semana de abril, os volunt\u00e1rios est\u00e3o compartilhando a experi\u00eancia de leitura com 105 crian\u00e7as, 42 a mais que no ano anterior. \u201cEm 2019, o Myra entra em seu terceiro ano de atua\u00e7\u00e3o com saldo positivo. As repactua\u00e7\u00f5es com escolas e volunt\u00e1rios possibilitar\u00e3o a continuidade do trabalho de aperfei\u00e7oamento das compet\u00eancias leitoras das crian\u00e7as participantes do Programa. <strong>Ao mesmo tempo que ganham desenvoltura e amor pela leitura, meninos e meninas se tornam estudantes mais qualificados. Temos a certeza de que \u00e9 poss\u00edvel atuar positivamente para o desenvolvimento integral, a partir de um ingrediente muito potente: a reuni\u00e3o de pessoas diversas em prol de um bem comum\u201d, conclui a diretora da Funda\u00e7\u00e3o SM Brasil,Pilar Lacerda.<\/strong><\/p>\n<h2>Referencias<\/h2>\n<ul>\n<li><em>CALVINO, \u00cdtalo. Mundo escrito e mundo n\u00e3o escrito \u2013 Artigos, confer\u00eancias e entrevistas. S\u00e3o Paulo: Companhia das Letras, 2015.<\/em><\/li>\n<li><em>FREIRE, Paulo. Pedagogia do oprimido. Rio de Janeiro: Paz e Terra, 1987.<\/em><\/li>\n<\/ul>\n                    <\/div>\n                <\/div>\n            <\/div>\n        <\/div>\n    <\/div>\n<\/section>\t\t\t\t<\/div>\n\t\t\t\t<\/div>\n\t\t\t\t<div class=\"elementor-element elementor-element-2e2fb2c4 elementor-widget elementor-widget-bloque-blog-2\" data-id=\"2e2fb2c4\" data-element_type=\"widget\" data-widget_type=\"bloque-blog-2.default\">\n\t\t\t\t<div class=\"elementor-widget-container\">\n\t\t\t\t\t\n\n<!-- Bloque Blog -->\n<div class=\"container\">\n    <div class=\"row titulo-con-enlace\">\n        <div class=\"col-12\">\n            <h2 class=\"titulos\" data-aos=\"fade-left\" data-aos-duration=\"700\">Postagens relacionadas<\/h2>                        <a href=\"https:\/\/oes.fundacion-sm.org\/eduforics\/\" data-aos=\"fade-right\" data-aos-duration=\"700\" class=\"enlace btn-arrow\" title=\"Ver mais\"><span>Ver mais<\/span><\/a>\n                    <\/div>\n    <\/div>\n<\/div>\n<section class=\"bloque bloque-blog bloquemfbkglphqt  diseno-eduforics \">\n    <div class=\"container\">\n        <div class=\"background  \">\n            <div class=\"estrecho\">\n                <div class=\"row ultimas\">\n                                                            <div class=\"col-12 col-sm-6 d-flex align-items-stretch\" data-aos=\"fade-up\" data-aos-delay=\"200\" data-aos-duration=\"700\">\n                                    <a class=\"noticia \" href=\"https:\/\/oes.fundacion-sm.org\/pt-br\/eduforics\/educacao-inclusiva-e-de-qualidade\/educacao-desenvolvimento-sustentavel\/o-dia-mundial-da-mae-terra-a-educacao-pode-ajudar-a-humanidade-a-alcancar-a-paz-com-o-planeta\/\">\n    <div class=\"image\">\n        <img fetchpriority=\"high\" decoding=\"async\" width=\"890\" height=\"560\" src=\"https:\/\/oes.fundacion-sm.org\/wp-content\/uploads\/sites\/14\/2026\/04\/Artemis_NASA-890x560.png\" class=\"img-fluid wp-post-image\" alt=\"\" srcset=\"https:\/\/oes.fundacion-sm.org\/wp-content\/uploads\/sites\/14\/2026\/04\/Artemis_NASA-890x560.png 890w, https:\/\/oes.fundacion-sm.org\/wp-content\/uploads\/sites\/14\/2026\/04\/Artemis_NASA-300x189.png 300w, https:\/\/oes.fundacion-sm.org\/wp-content\/uploads\/sites\/14\/2026\/04\/Artemis_NASA-1024x644.png 1024w, https:\/\/oes.fundacion-sm.org\/wp-content\/uploads\/sites\/14\/2026\/04\/Artemis_NASA-768x483.png 768w, https:\/\/oes.fundacion-sm.org\/wp-content\/uploads\/sites\/14\/2026\/04\/Artemis_NASA-1056x664.png 1056w, https:\/\/oes.fundacion-sm.org\/wp-content\/uploads\/sites\/14\/2026\/04\/Artemis_NASA.png 1200w\" sizes=\"(max-width: 890px) 100vw, 890px\" \/>    <\/div>\n    <div class=\"datos\">\n        <div class=\"categoria\">Educa\u00e7\u00e3o para o desenvolvimento sustent\u00e1vel<\/div>\n        <h3 class=\"subtitulos\">O Dia Mundial da M\u00e3e Terra: a educa\u00e7\u00e3o pode ajudar a humanidade a alcan\u00e7ar a paz com o planeta<\/h3>\n                <div class=\"autor\">Por <em>Humberto Herrera Contreras<\/em><\/div>\n            <\/div>\n<\/a>                                    <\/div>\n                                                                    <div class=\"col-12 col-sm-6 d-flex align-items-stretch\" data-aos=\"fade-up\" data-aos-delay=\"500\" data-aos-duration=\"700\">\n                                    <a class=\"noticia \" href=\"https:\/\/oes.fundacion-sm.org\/pt-br\/eduforics\/educacao-inclusiva-e-de-qualidade\/educacao-desenvolvimento-sustentavel\/alfabetizacao-ecologica-possibilidades-para-superar-os-limites-do-planeta\/\">\n    <div class=\"image\">\n        <img decoding=\"async\" width=\"890\" height=\"560\" src=\"https:\/\/oes.fundacion-sm.org\/wp-content\/uploads\/sites\/14\/2026\/04\/Ecologia-1151886550-890x560.png\" class=\"img-fluid wp-post-image\" alt=\"\" srcset=\"https:\/\/oes.fundacion-sm.org\/wp-content\/uploads\/sites\/14\/2026\/04\/Ecologia-1151886550-890x560.png 890w, https:\/\/oes.fundacion-sm.org\/wp-content\/uploads\/sites\/14\/2026\/04\/Ecologia-1151886550-300x189.png 300w, https:\/\/oes.fundacion-sm.org\/wp-content\/uploads\/sites\/14\/2026\/04\/Ecologia-1151886550-1024x644.png 1024w, https:\/\/oes.fundacion-sm.org\/wp-content\/uploads\/sites\/14\/2026\/04\/Ecologia-1151886550-768x483.png 768w, https:\/\/oes.fundacion-sm.org\/wp-content\/uploads\/sites\/14\/2026\/04\/Ecologia-1151886550-1056x664.png 1056w, https:\/\/oes.fundacion-sm.org\/wp-content\/uploads\/sites\/14\/2026\/04\/Ecologia-1151886550.png 1200w\" sizes=\"(max-width: 890px) 100vw, 890px\" \/>    <\/div>\n    <div class=\"datos\">\n        <div class=\"categoria\">Educa\u00e7\u00e3o para o desenvolvimento sustent\u00e1vel<\/div>\n        <h3 class=\"subtitulos\">Alfabetiza\u00e7\u00e3o Ecol\u00f3gica: possibilidades para superar os limites do planeta<\/h3>\n                <div class=\"autor\">Por <em>Cl\u00e1udia Chesini<\/em><\/div>\n            <\/div>\n<\/a>                                    <\/div>\n                                                <\/div>\n            <\/div>\n        <\/div>\n    <\/div>\n<\/section>\n\n\t\t\t\t<\/div>\n\t\t\t\t<\/div>\n\t\t\t\t\t<\/div>\n\t\t<\/div>\n\t\t\t\t\t<\/div>\n\t\t<\/section>\n\t\t\t\t<\/div>\n\t\t","protected":false},"excerpt":{"rendered":"<p>Priscila Fernandes \u00e9 jornalista e doutoranda em Literatura pela Universidade Presbiteriana Mackenzie. \u201cPenso que a leitura n\u00e3o \u00e9 compar\u00e1vel a nenhum meio de aprendizado e comunica\u00e7\u00e3o, porque ela tem um ritmo pr\u00f3prio, que \u00e9 governado pela vontade do leitor; a leitura abre espa\u00e7os de interroga\u00e7\u00e3o, de medita\u00e7\u00e3o e de exame cr\u00edtico, enfim, de liberdade; a [&hellip;]<\/p>\n","protected":false},"author":2,"featured_media":7128,"comment_status":"closed","ping_status":"closed","sticky":false,"template":"","format":"standard","meta":{"_acf_changed":false,"footnotes":""},"categories":[62,36],"tags":[],"class_list":["post-9812","post","type-post","status-publish","format-standard","has-post-thumbnail","hentry","category-boas-praticas","category-eduforics"],"acf":[],"yoast_head":"<!-- This site is optimized with the Yoast SEO plugin v26.7 - https:\/\/yoast.com\/wordpress\/plugins\/seo\/ -->\n<title>Myra: Por uma rede de leitura em di\u00e1logo - Eduforics - Observat\u00f3rio da escola na Ibero-Am\u00e9rica (OES)<\/title>\n<meta name=\"description\" content=\"MYRA \u00e9 um programa de fomento \u00e0 leitura re\u00fane volunt\u00e1rios e comunidade escolar em prol do aprimoramento das compet\u00eancias leitoras de estudantes da rede p\u00fablica.\" \/>\n<meta name=\"robots\" content=\"index, follow, max-snippet:-1, max-image-preview:large, max-video-preview:-1\" \/>\n<link rel=\"canonical\" href=\"https:\/\/oes.fundacion-sm.org\/pt-br\/eduforics\/experiencias-e-recursos-pt-br\/boas-praticas\/myra-por-uma-rede-de-leitura-em-dialogo\/\" \/>\n<meta property=\"og:locale\" content=\"pt_BR\" \/>\n<meta property=\"og:type\" content=\"article\" \/>\n<meta property=\"og:title\" content=\"Myra: Por uma rede de leitura em di\u00e1logo - Observat\u00f3rio da escola na Ibero-Am\u00e9rica (OES)\" \/>\n<meta property=\"og:description\" content=\"MYRA \u00e9 um programa de fomento \u00e0 leitura re\u00fane volunt\u00e1rios e comunidade escolar em prol do aprimoramento das compet\u00eancias leitoras de estudantes da rede p\u00fablica.\" \/>\n<meta property=\"og:url\" content=\"https:\/\/oes.fundacion-sm.org\/pt-br\/eduforics\/experiencias-e-recursos-pt-br\/boas-praticas\/myra-por-uma-rede-de-leitura-em-dialogo\/\" \/>\n<meta property=\"og:site_name\" content=\"Observat\u00f3rio da escola na Ibero-Am\u00e9rica (OES)\" \/>\n<meta property=\"article:published_time\" content=\"2019-05-08T19:22:00+00:00\" \/>\n<meta property=\"article:modified_time\" content=\"2023-09-15T08:50:26+00:00\" \/>\n<meta property=\"og:image\" content=\"https:\/\/oes.fundacion-sm.org\/wp-content\/uploads\/sites\/14\/2023\/08\/Myra-Fometoaleitura.jpg\" \/>\n\t<meta property=\"og:image:width\" content=\"1080\" \/>\n\t<meta property=\"og:image:height\" content=\"810\" \/>\n\t<meta property=\"og:image:type\" content=\"image\/jpeg\" \/>\n<meta name=\"author\" content=\"Antonio Rockin&#039;Pixels\" \/>\n<meta name=\"twitter:card\" content=\"summary_large_image\" \/>\n<meta name=\"twitter:label1\" content=\"Escrito por\" \/>\n\t<meta name=\"twitter:data1\" content=\"Antonio Rockin&#039;Pixels\" \/>\n\t<meta name=\"twitter:label2\" content=\"Est. tempo de leitura\" \/>\n\t<meta name=\"twitter:data2\" content=\"9 minutos\" \/>\n<script type=\"application\/ld+json\" class=\"yoast-schema-graph\">{\"@context\":\"https:\/\/schema.org\",\"@graph\":[{\"@type\":\"Article\",\"@id\":\"https:\/\/oes.fundacion-sm.org\/pt-br\/eduforics\/experiencias-e-recursos-pt-br\/boas-praticas\/myra-por-uma-rede-de-leitura-em-dialogo\/#article\",\"isPartOf\":{\"@id\":\"https:\/\/oes.fundacion-sm.org\/pt-br\/eduforics\/experiencias-e-recursos-pt-br\/boas-praticas\/myra-por-uma-rede-de-leitura-em-dialogo\/\"},\"author\":{\"name\":\"Antonio Rockin'Pixels\",\"@id\":\"https:\/\/oes.fundacion-sm.org\/pt-br\/#\/schema\/person\/853f955beb537b852c3687d514f42948\"},\"headline\":\"Myra: Por uma rede de leitura em di\u00e1logo\",\"datePublished\":\"2019-05-08T19:22:00+00:00\",\"dateModified\":\"2023-09-15T08:50:26+00:00\",\"mainEntityOfPage\":{\"@id\":\"https:\/\/oes.fundacion-sm.org\/pt-br\/eduforics\/experiencias-e-recursos-pt-br\/boas-praticas\/myra-por-uma-rede-de-leitura-em-dialogo\/\"},\"wordCount\":1721,\"publisher\":{\"@id\":\"https:\/\/oes.fundacion-sm.org\/pt-br\/#organization\"},\"image\":{\"@id\":\"https:\/\/oes.fundacion-sm.org\/pt-br\/eduforics\/experiencias-e-recursos-pt-br\/boas-praticas\/myra-por-uma-rede-de-leitura-em-dialogo\/#primaryimage\"},\"thumbnailUrl\":\"https:\/\/oes.fundacion-sm.org\/wp-content\/uploads\/sites\/14\/2023\/08\/Myra-Fometoaleitura.jpg\",\"articleSection\":[\"Boas pr\u00e1ticas\",\"EDUforics\"],\"inLanguage\":\"pt-BR\"},{\"@type\":\"WebPage\",\"@id\":\"https:\/\/oes.fundacion-sm.org\/pt-br\/eduforics\/experiencias-e-recursos-pt-br\/boas-praticas\/myra-por-uma-rede-de-leitura-em-dialogo\/\",\"url\":\"https:\/\/oes.fundacion-sm.org\/pt-br\/eduforics\/experiencias-e-recursos-pt-br\/boas-praticas\/myra-por-uma-rede-de-leitura-em-dialogo\/\",\"name\":\"Myra: Por uma rede de leitura em di\u00e1logo - Observat\u00f3rio da escola na Ibero-Am\u00e9rica (OES)\",\"isPartOf\":{\"@id\":\"https:\/\/oes.fundacion-sm.org\/pt-br\/#website\"},\"primaryImageOfPage\":{\"@id\":\"https:\/\/oes.fundacion-sm.org\/pt-br\/eduforics\/experiencias-e-recursos-pt-br\/boas-praticas\/myra-por-uma-rede-de-leitura-em-dialogo\/#primaryimage\"},\"image\":{\"@id\":\"https:\/\/oes.fundacion-sm.org\/pt-br\/eduforics\/experiencias-e-recursos-pt-br\/boas-praticas\/myra-por-uma-rede-de-leitura-em-dialogo\/#primaryimage\"},\"thumbnailUrl\":\"https:\/\/oes.fundacion-sm.org\/wp-content\/uploads\/sites\/14\/2023\/08\/Myra-Fometoaleitura.jpg\",\"datePublished\":\"2019-05-08T19:22:00+00:00\",\"dateModified\":\"2023-09-15T08:50:26+00:00\",\"description\":\"MYRA \u00e9 um programa de fomento \u00e0 leitura re\u00fane volunt\u00e1rios e comunidade escolar em prol do aprimoramento das compet\u00eancias leitoras de estudantes da rede p\u00fablica.\",\"breadcrumb\":{\"@id\":\"https:\/\/oes.fundacion-sm.org\/pt-br\/eduforics\/experiencias-e-recursos-pt-br\/boas-praticas\/myra-por-uma-rede-de-leitura-em-dialogo\/#breadcrumb\"},\"inLanguage\":\"pt-BR\",\"potentialAction\":[{\"@type\":\"ReadAction\",\"target\":[\"https:\/\/oes.fundacion-sm.org\/pt-br\/eduforics\/experiencias-e-recursos-pt-br\/boas-praticas\/myra-por-uma-rede-de-leitura-em-dialogo\/\"]}]},{\"@type\":\"ImageObject\",\"inLanguage\":\"pt-BR\",\"@id\":\"https:\/\/oes.fundacion-sm.org\/pt-br\/eduforics\/experiencias-e-recursos-pt-br\/boas-praticas\/myra-por-uma-rede-de-leitura-em-dialogo\/#primaryimage\",\"url\":\"https:\/\/oes.fundacion-sm.org\/wp-content\/uploads\/sites\/14\/2023\/08\/Myra-Fometoaleitura.jpg\",\"contentUrl\":\"https:\/\/oes.fundacion-sm.org\/wp-content\/uploads\/sites\/14\/2023\/08\/Myra-Fometoaleitura.jpg\",\"width\":1080,\"height\":810},{\"@type\":\"BreadcrumbList\",\"@id\":\"https:\/\/oes.fundacion-sm.org\/pt-br\/eduforics\/experiencias-e-recursos-pt-br\/boas-praticas\/myra-por-uma-rede-de-leitura-em-dialogo\/#breadcrumb\",\"itemListElement\":[{\"@type\":\"ListItem\",\"position\":1,\"name\":\"Inicio\",\"item\":\"https:\/\/oes.fundacion-sm.org\/pt-br\/\"},{\"@type\":\"ListItem\",\"position\":2,\"name\":\"EDUforics\",\"item\":\"https:\/\/oes.fundacion-sm.org\/pt-br\/eduforics\/\"},{\"@type\":\"ListItem\",\"position\":3,\"name\":\"Experi\u00eancias e recursos\",\"item\":\"https:\/\/oes.fundacion-sm.org\/pt-br\/eduforics\/experiencias-e-recursos-pt-br\/\"},{\"@type\":\"ListItem\",\"position\":4,\"name\":\"Boas pr\u00e1ticas\",\"item\":\"https:\/\/oes.fundacion-sm.org\/pt-br\/eduforics\/experiencias-e-recursos-pt-br\/boas-praticas\/\"},{\"@type\":\"ListItem\",\"position\":5,\"name\":\"Myra: Por uma rede de leitura em di\u00e1logo\"}]},{\"@type\":\"WebSite\",\"@id\":\"https:\/\/oes.fundacion-sm.org\/pt-br\/#website\",\"url\":\"https:\/\/oes.fundacion-sm.org\/pt-br\/\",\"name\":\"Observat\u00f3rio da escola na Ibero-Am\u00e9rica (OES)\",\"description\":\"Funda\u00e7\u00e3o SM\",\"publisher\":{\"@id\":\"https:\/\/oes.fundacion-sm.org\/pt-br\/#organization\"},\"alternateName\":\"OES\",\"potentialAction\":[{\"@type\":\"SearchAction\",\"target\":{\"@type\":\"EntryPoint\",\"urlTemplate\":\"https:\/\/oes.fundacion-sm.org\/pt-br\/?s={search_term_string}\"},\"query-input\":{\"@type\":\"PropertyValueSpecification\",\"valueRequired\":true,\"valueName\":\"search_term_string\"}}],\"inLanguage\":\"pt-BR\"},{\"@type\":\"Organization\",\"@id\":\"https:\/\/oes.fundacion-sm.org\/pt-br\/#organization\",\"name\":\"Fundaci\u00f3n SM\",\"url\":\"https:\/\/oes.fundacion-sm.org\/pt-br\/\",\"logo\":{\"@type\":\"ImageObject\",\"inLanguage\":\"pt-BR\",\"@id\":\"https:\/\/oes.fundacion-sm.org\/pt-br\/#\/schema\/logo\/image\/\",\"url\":\"https:\/\/oes.fundacion-sm.org\/wp-content\/uploads\/sites\/14\/2023\/10\/logotipo-fundacion-sm.png\",\"contentUrl\":\"https:\/\/oes.fundacion-sm.org\/wp-content\/uploads\/sites\/14\/2023\/10\/logotipo-fundacion-sm.png\",\"width\":447,\"height\":85,\"caption\":\"Fundaci\u00f3n SM\"},\"image\":{\"@id\":\"https:\/\/oes.fundacion-sm.org\/pt-br\/#\/schema\/logo\/image\/\"}},{\"@type\":\"Person\",\"@id\":\"https:\/\/oes.fundacion-sm.org\/pt-br\/#\/schema\/person\/853f955beb537b852c3687d514f42948\",\"name\":\"Antonio Rockin'Pixels\"}]}<\/script>\n<!-- \/ Yoast SEO plugin. -->","yoast_head_json":{"title":"Myra: Por uma rede de leitura em di\u00e1logo - Eduforics - Observat\u00f3rio da escola na Ibero-Am\u00e9rica (OES)","description":"MYRA \u00e9 um programa de fomento \u00e0 leitura re\u00fane volunt\u00e1rios e comunidade escolar em prol do aprimoramento das compet\u00eancias leitoras de estudantes da rede p\u00fablica.","robots":{"index":"index","follow":"follow","max-snippet":"max-snippet:-1","max-image-preview":"max-image-preview:large","max-video-preview":"max-video-preview:-1"},"canonical":"https:\/\/oes.fundacion-sm.org\/pt-br\/eduforics\/experiencias-e-recursos-pt-br\/boas-praticas\/myra-por-uma-rede-de-leitura-em-dialogo\/","og_locale":"pt_BR","og_type":"article","og_title":"Myra: Por uma rede de leitura em di\u00e1logo - Observat\u00f3rio da escola na Ibero-Am\u00e9rica (OES)","og_description":"MYRA \u00e9 um programa de fomento \u00e0 leitura re\u00fane volunt\u00e1rios e comunidade escolar em prol do aprimoramento das compet\u00eancias leitoras de estudantes da rede p\u00fablica.","og_url":"https:\/\/oes.fundacion-sm.org\/pt-br\/eduforics\/experiencias-e-recursos-pt-br\/boas-praticas\/myra-por-uma-rede-de-leitura-em-dialogo\/","og_site_name":"Observat\u00f3rio da escola na Ibero-Am\u00e9rica (OES)","article_published_time":"2019-05-08T19:22:00+00:00","article_modified_time":"2023-09-15T08:50:26+00:00","og_image":[{"width":1080,"height":810,"url":"https:\/\/oes.fundacion-sm.org\/wp-content\/uploads\/sites\/14\/2023\/08\/Myra-Fometoaleitura.jpg","type":"image\/jpeg"}],"author":"Antonio Rockin'Pixels","twitter_card":"summary_large_image","twitter_misc":{"Escrito por":"Antonio Rockin'Pixels","Est. tempo de leitura":"9 minutos"},"schema":{"@context":"https:\/\/schema.org","@graph":[{"@type":"Article","@id":"https:\/\/oes.fundacion-sm.org\/pt-br\/eduforics\/experiencias-e-recursos-pt-br\/boas-praticas\/myra-por-uma-rede-de-leitura-em-dialogo\/#article","isPartOf":{"@id":"https:\/\/oes.fundacion-sm.org\/pt-br\/eduforics\/experiencias-e-recursos-pt-br\/boas-praticas\/myra-por-uma-rede-de-leitura-em-dialogo\/"},"author":{"name":"Antonio Rockin'Pixels","@id":"https:\/\/oes.fundacion-sm.org\/pt-br\/#\/schema\/person\/853f955beb537b852c3687d514f42948"},"headline":"Myra: Por uma rede de leitura em di\u00e1logo","datePublished":"2019-05-08T19:22:00+00:00","dateModified":"2023-09-15T08:50:26+00:00","mainEntityOfPage":{"@id":"https:\/\/oes.fundacion-sm.org\/pt-br\/eduforics\/experiencias-e-recursos-pt-br\/boas-praticas\/myra-por-uma-rede-de-leitura-em-dialogo\/"},"wordCount":1721,"publisher":{"@id":"https:\/\/oes.fundacion-sm.org\/pt-br\/#organization"},"image":{"@id":"https:\/\/oes.fundacion-sm.org\/pt-br\/eduforics\/experiencias-e-recursos-pt-br\/boas-praticas\/myra-por-uma-rede-de-leitura-em-dialogo\/#primaryimage"},"thumbnailUrl":"https:\/\/oes.fundacion-sm.org\/wp-content\/uploads\/sites\/14\/2023\/08\/Myra-Fometoaleitura.jpg","articleSection":["Boas pr\u00e1ticas","EDUforics"],"inLanguage":"pt-BR"},{"@type":"WebPage","@id":"https:\/\/oes.fundacion-sm.org\/pt-br\/eduforics\/experiencias-e-recursos-pt-br\/boas-praticas\/myra-por-uma-rede-de-leitura-em-dialogo\/","url":"https:\/\/oes.fundacion-sm.org\/pt-br\/eduforics\/experiencias-e-recursos-pt-br\/boas-praticas\/myra-por-uma-rede-de-leitura-em-dialogo\/","name":"Myra: Por uma rede de leitura em di\u00e1logo - Observat\u00f3rio da escola na Ibero-Am\u00e9rica (OES)","isPartOf":{"@id":"https:\/\/oes.fundacion-sm.org\/pt-br\/#website"},"primaryImageOfPage":{"@id":"https:\/\/oes.fundacion-sm.org\/pt-br\/eduforics\/experiencias-e-recursos-pt-br\/boas-praticas\/myra-por-uma-rede-de-leitura-em-dialogo\/#primaryimage"},"image":{"@id":"https:\/\/oes.fundacion-sm.org\/pt-br\/eduforics\/experiencias-e-recursos-pt-br\/boas-praticas\/myra-por-uma-rede-de-leitura-em-dialogo\/#primaryimage"},"thumbnailUrl":"https:\/\/oes.fundacion-sm.org\/wp-content\/uploads\/sites\/14\/2023\/08\/Myra-Fometoaleitura.jpg","datePublished":"2019-05-08T19:22:00+00:00","dateModified":"2023-09-15T08:50:26+00:00","description":"MYRA \u00e9 um programa de fomento \u00e0 leitura re\u00fane volunt\u00e1rios e comunidade escolar em prol do aprimoramento das compet\u00eancias leitoras de estudantes da rede p\u00fablica.","breadcrumb":{"@id":"https:\/\/oes.fundacion-sm.org\/pt-br\/eduforics\/experiencias-e-recursos-pt-br\/boas-praticas\/myra-por-uma-rede-de-leitura-em-dialogo\/#breadcrumb"},"inLanguage":"pt-BR","potentialAction":[{"@type":"ReadAction","target":["https:\/\/oes.fundacion-sm.org\/pt-br\/eduforics\/experiencias-e-recursos-pt-br\/boas-praticas\/myra-por-uma-rede-de-leitura-em-dialogo\/"]}]},{"@type":"ImageObject","inLanguage":"pt-BR","@id":"https:\/\/oes.fundacion-sm.org\/pt-br\/eduforics\/experiencias-e-recursos-pt-br\/boas-praticas\/myra-por-uma-rede-de-leitura-em-dialogo\/#primaryimage","url":"https:\/\/oes.fundacion-sm.org\/wp-content\/uploads\/sites\/14\/2023\/08\/Myra-Fometoaleitura.jpg","contentUrl":"https:\/\/oes.fundacion-sm.org\/wp-content\/uploads\/sites\/14\/2023\/08\/Myra-Fometoaleitura.jpg","width":1080,"height":810},{"@type":"BreadcrumbList","@id":"https:\/\/oes.fundacion-sm.org\/pt-br\/eduforics\/experiencias-e-recursos-pt-br\/boas-praticas\/myra-por-uma-rede-de-leitura-em-dialogo\/#breadcrumb","itemListElement":[{"@type":"ListItem","position":1,"name":"Inicio","item":"https:\/\/oes.fundacion-sm.org\/pt-br\/"},{"@type":"ListItem","position":2,"name":"EDUforics","item":"https:\/\/oes.fundacion-sm.org\/pt-br\/eduforics\/"},{"@type":"ListItem","position":3,"name":"Experi\u00eancias e recursos","item":"https:\/\/oes.fundacion-sm.org\/pt-br\/eduforics\/experiencias-e-recursos-pt-br\/"},{"@type":"ListItem","position":4,"name":"Boas pr\u00e1ticas","item":"https:\/\/oes.fundacion-sm.org\/pt-br\/eduforics\/experiencias-e-recursos-pt-br\/boas-praticas\/"},{"@type":"ListItem","position":5,"name":"Myra: Por uma rede de leitura em di\u00e1logo"}]},{"@type":"WebSite","@id":"https:\/\/oes.fundacion-sm.org\/pt-br\/#website","url":"https:\/\/oes.fundacion-sm.org\/pt-br\/","name":"Observat\u00f3rio da escola na Ibero-Am\u00e9rica (OES)","description":"Funda\u00e7\u00e3o SM","publisher":{"@id":"https:\/\/oes.fundacion-sm.org\/pt-br\/#organization"},"alternateName":"OES","potentialAction":[{"@type":"SearchAction","target":{"@type":"EntryPoint","urlTemplate":"https:\/\/oes.fundacion-sm.org\/pt-br\/?s={search_term_string}"},"query-input":{"@type":"PropertyValueSpecification","valueRequired":true,"valueName":"search_term_string"}}],"inLanguage":"pt-BR"},{"@type":"Organization","@id":"https:\/\/oes.fundacion-sm.org\/pt-br\/#organization","name":"Fundaci\u00f3n SM","url":"https:\/\/oes.fundacion-sm.org\/pt-br\/","logo":{"@type":"ImageObject","inLanguage":"pt-BR","@id":"https:\/\/oes.fundacion-sm.org\/pt-br\/#\/schema\/logo\/image\/","url":"https:\/\/oes.fundacion-sm.org\/wp-content\/uploads\/sites\/14\/2023\/10\/logotipo-fundacion-sm.png","contentUrl":"https:\/\/oes.fundacion-sm.org\/wp-content\/uploads\/sites\/14\/2023\/10\/logotipo-fundacion-sm.png","width":447,"height":85,"caption":"Fundaci\u00f3n SM"},"image":{"@id":"https:\/\/oes.fundacion-sm.org\/pt-br\/#\/schema\/logo\/image\/"}},{"@type":"Person","@id":"https:\/\/oes.fundacion-sm.org\/pt-br\/#\/schema\/person\/853f955beb537b852c3687d514f42948","name":"Antonio Rockin'Pixels"}]}},"_links":{"self":[{"href":"https:\/\/oes.fundacion-sm.org\/pt-br\/wp-json\/wp\/v2\/posts\/9812","targetHints":{"allow":["GET"]}}],"collection":[{"href":"https:\/\/oes.fundacion-sm.org\/pt-br\/wp-json\/wp\/v2\/posts"}],"about":[{"href":"https:\/\/oes.fundacion-sm.org\/pt-br\/wp-json\/wp\/v2\/types\/post"}],"author":[{"embeddable":true,"href":"https:\/\/oes.fundacion-sm.org\/pt-br\/wp-json\/wp\/v2\/users\/2"}],"replies":[{"embeddable":true,"href":"https:\/\/oes.fundacion-sm.org\/pt-br\/wp-json\/wp\/v2\/comments?post=9812"}],"version-history":[{"count":5,"href":"https:\/\/oes.fundacion-sm.org\/pt-br\/wp-json\/wp\/v2\/posts\/9812\/revisions"}],"predecessor-version":[{"id":9822,"href":"https:\/\/oes.fundacion-sm.org\/pt-br\/wp-json\/wp\/v2\/posts\/9812\/revisions\/9822"}],"wp:featuredmedia":[{"embeddable":true,"href":"https:\/\/oes.fundacion-sm.org\/pt-br\/wp-json\/wp\/v2\/media\/7128"}],"wp:attachment":[{"href":"https:\/\/oes.fundacion-sm.org\/pt-br\/wp-json\/wp\/v2\/media?parent=9812"}],"wp:term":[{"taxonomy":"category","embeddable":true,"href":"https:\/\/oes.fundacion-sm.org\/pt-br\/wp-json\/wp\/v2\/categories?post=9812"},{"taxonomy":"post_tag","embeddable":true,"href":"https:\/\/oes.fundacion-sm.org\/pt-br\/wp-json\/wp\/v2\/tags?post=9812"}],"curies":[{"name":"wp","href":"https:\/\/api.w.org\/{rel}","templated":true}]}}